{"id":8513,"date":"2018-01-09T19:06:26","date_gmt":"2018-01-09T18:06:26","guid":{"rendered":"http:\/\/ieshuelin.com\/huelinwp\/?p=8513"},"modified":"2018-01-09T19:25:49","modified_gmt":"2018-01-09T18:25:49","slug":"momentos-solidarios-y-emotivos-en-el-ies-huelin","status":"publish","type":"post","link":"https:\/\/ieshuelin.com\/huelinwp\/2018\/01\/momentos-solidarios-y-emotivos-en-el-ies-huelin\/","title":{"rendered":"Momentos solidarios y emotivos en el IES Huelin"},"content":{"rendered":"<p style=\"text-align: justify;\">Hoy hemos vivido momentos muy emotivos en el IES Huelin.<br \/>\nLos alumnos y alumnas han empezado el a\u00f1o de forma solidaria inici\u00e1ndose hoy una campa\u00f1a de recogida de arroz para los campos de refugiados saharauis de Tinduf, Argelia y que terminar\u00e1 el d\u00eda de la Paz 30 de Enero. Esta campa\u00f1a ha comenzado con una charla dividida en dos partes, la primera impartida por la profesora Vanessa Cuberos que tuvo acogido a un chico Saharaui el verano pasado con el \u201cPrograma Vacaciones en Paz\u201d y ha contado en primera persona como es la vida all\u00ed y las necesidades en los campos de refugiados. Entre los momentos m\u00e1s emotivos destacamos un video que Brahim, el chico Saharaui, ha enviado al alumnado del instituto al que el alumnado de 3\u00ba y 4\u00ba de la ESO ha respondido con otro video muy especial. La segunda parte de la charla ha sido impartida por Javier S\u00e1nchez, un maestro\u00a0 y psicopedagogo voluntario de PROEM-AID quien ha narrado su experiencia en el mar mediterr\u00e1neo, de lo que se siente al ver a las personas jugarse la vida huyendo de la guerra y la miseria y explicando el Proyecto Agua a trav\u00e9s del cual intentan que los ni\u00f1os y ni\u00f1as supervivientes de las pateras pierdan el miedo al mar despu\u00e9s de las tragedias vividas. Actualmente PROEM AID sigue con Maydayterraneo como proyecto actual en el Mediterr\u00e1neo Central. Al final de la charla Javi, que escribe y canta rap solidario, ha llenado de emoci\u00f3n a todo el alumnado.<\/p>\n<p style=\"text-align: center;\"><span style=\"color: #ff0000;\"><strong>Hoy en el sal\u00f3n de actos del IES Huelin ha habido silencio, <\/strong><\/span><span style=\"color: #ff0000;\"><strong>hoy s\u00f3lo se escuchaba la emoci\u00f3n y la solidaridad.<\/strong><\/span><br \/>\nGracias a nuestro alumnado por dar ejemplo hoy.<br \/>\n<strong>Esperamos vuestra colaboraci\u00f3n de arroz hasta el 30 de enero en el Hall.<\/strong><\/p>\n<p class=\"jetpack-slideshow-noscript robots-nocontent\">El pase de diapositivas requiere JavaScript.<\/p><div id=\"gallery-8513-1-slideshow\" class=\"jetpack-slideshow-window jetpack-slideshow jetpack-slideshow-black\" data-trans=\"fade\" data-autostart=\"1\" data-gallery=\"[{&quot;src&quot;:&quot;https:\\\/\\\/i0.wp.com\\\/ieshuelin.com\\\/huelinwp\\\/wp-content\\\/uploads\\\/2018\\\/01\\\/IMG_4257.jpg?fit=3264%2C2448\\u0026ssl=1&quot;,&quot;id&quot;:&quot;8522&quot;,&quot;title&quot;:&quot;IMG_4257&quot;,&quot;alt&quot;:&quot;&quot;,&quot;caption&quot;:&quot;&quot;,&quot;itemprop&quot;:&quot;image&quot;},{&quot;src&quot;:&quot;https:\\\/\\\/i0.wp.com\\\/ieshuelin.com\\\/huelinwp\\\/wp-content\\\/uploads\\\/2018\\\/01\\\/IMG_4255.jpg?fit=3264%2C2448\\u0026ssl=1&quot;,&quot;id&quot;:&quot;8521&quot;,&quot;title&quot;:&quot;IMG_4255&quot;,&quot;alt&quot;:&quot;&quot;,&quot;caption&quot;:&quot;&quot;,&quot;itemprop&quot;:&quot;image&quot;},{&quot;src&quot;:&quot;https:\\\/\\\/i0.wp.com\\\/ieshuelin.com\\\/huelinwp\\\/wp-content\\\/uploads\\\/2018\\\/01\\\/IMG_4251.jpg?fit=3264%2C2448\\u0026ssl=1&quot;,&quot;id&quot;:&quot;8519&quot;,&quot;title&quot;:&quot;IMG_4251&quot;,&quot;alt&quot;:&quot;&quot;,&quot;caption&quot;:&quot;&quot;,&quot;itemprop&quot;:&quot;image&quot;},{&quot;src&quot;:&quot;https:\\\/\\\/i0.wp.com\\\/ieshuelin.com\\\/huelinwp\\\/wp-content\\\/uploads\\\/2018\\\/01\\\/IMG_4248.jpg?fit=3264%2C2448\\u0026ssl=1&quot;,&quot;id&quot;:&quot;8518&quot;,&quot;title&quot;:&quot;IMG_4248&quot;,&quot;alt&quot;:&quot;&quot;,&quot;caption&quot;:&quot;&quot;,&quot;itemprop&quot;:&quot;image&quot;},{&quot;src&quot;:&quot;https:\\\/\\\/i0.wp.com\\\/ieshuelin.com\\\/huelinwp\\\/wp-content\\\/uploads\\\/2018\\\/01\\\/IMG_4244.jpg?fit=3264%2C2448\\u0026ssl=1&quot;,&quot;id&quot;:&quot;8517&quot;,&quot;title&quot;:&quot;IMG_4244&quot;,&quot;alt&quot;:&quot;&quot;,&quot;caption&quot;:&quot;&quot;,&quot;itemprop&quot;:&quot;image&quot;},{&quot;src&quot;:&quot;https:\\\/\\\/i0.wp.com\\\/ieshuelin.com\\\/huelinwp\\\/wp-content\\\/uploads\\\/2018\\\/01\\\/IMG_4242.jpg?fit=3264%2C2448\\u0026ssl=1&quot;,&quot;id&quot;:&quot;8516&quot;,&quot;title&quot;:&quot;IMG_4242&quot;,&quot;alt&quot;:&quot;&quot;,&quot;caption&quot;:&quot;&quot;,&quot;itemprop&quot;:&quot;image&quot;}]\" itemscope itemtype=\"https:\/\/schema.org\/ImageGallery\"><\/div>\n","protected":false},"excerpt":{"rendered":"<p>Hoy hemos vivido momentos muy emotivos en el IES Huelin. Los alumnos y alumnas han empezado el a\u00f1o de forma solidaria inici\u00e1ndose hoy una campa\u00f1a de recogida de arroz para los campos de refugiados saharauis de Tinduf, Argelia y que terminar\u00e1 el d\u00eda de la Paz 30 de Enero. Esta campa\u00f1a ha comenzado con una &hellip; <\/p>\n<p><a class=\"more-link btn\" href=\"https:\/\/ieshuelin.com\/huelinwp\/2018\/01\/momentos-solidarios-y-emotivos-en-el-ies-huelin\/\">Seguir leyendo<\/a><\/p>\n","protected":false},"author":65,"featured_media":0,"comment_status":"open","ping_status":"open","sticky":false,"template":"","format":"standard","meta":{"jetpack_post_was_ever_published":false,"_jetpack_newsletter_access":"","_jetpack_dont_email_post_to_subs":false,"_jetpack_newsletter_tier_id":0,"_jetpack_memberships_contains_paywalled_content":false,"_jetpack_memberships_contains_paid_content":false,"footnotes":"","jetpack_publicize_message":"","jetpack_publicize_feature_enabled":true,"jetpack_social_post_already_shared":true,"jetpack_social_options":{"image_generator_settings":{"template":"highway","default_image_id":0,"font":"","enabled":false},"version":2}},"categories":[11],"tags":[],"class_list":["post-8513","post","type-post","status-publish","format-standard","hentry","category-informacion-general","item-wrap"],"aioseo_notices":[],"jetpack_publicize_connections":[],"jetpack_featured_media_url":"","jetpack_sharing_enabled":true,"jetpack_shortlink":"https:\/\/wp.me\/p20cAk-2dj","jetpack-related-posts":[],"jetpack_likes_enabled":true,"_links":{"self":[{"href":"https:\/\/ieshuelin.com\/huelinwp\/wp-json\/wp\/v2\/posts\/8513","targetHints":{"allow":["GET"]}}],"collection":[{"href":"https:\/\/ieshuelin.com\/huelinwp\/wp-json\/wp\/v2\/posts"}],"about":[{"href":"https:\/\/ieshuelin.com\/huelinwp\/wp-json\/wp\/v2\/types\/post"}],"author":[{"embeddable":true,"href":"https:\/\/ieshuelin.com\/huelinwp\/wp-json\/wp\/v2\/users\/65"}],"replies":[{"embeddable":true,"href":"https:\/\/ieshuelin.com\/huelinwp\/wp-json\/wp\/v2\/comments?post=8513"}],"version-history":[{"count":6,"href":"https:\/\/ieshuelin.com\/huelinwp\/wp-json\/wp\/v2\/posts\/8513\/revisions"}],"predecessor-version":[{"id":8527,"href":"https:\/\/ieshuelin.com\/huelinwp\/wp-json\/wp\/v2\/posts\/8513\/revisions\/8527"}],"wp:attachment":[{"href":"https:\/\/ieshuelin.com\/huelinwp\/wp-json\/wp\/v2\/media?parent=8513"}],"wp:term":[{"taxonomy":"category","embeddable":true,"href":"https:\/\/ieshuelin.com\/huelinwp\/wp-json\/wp\/v2\/categories?post=8513"},{"taxonomy":"post_tag","embeddable":true,"href":"https:\/\/ieshuelin.com\/huelinwp\/wp-json\/wp\/v2\/tags?post=8513"}],"curies":[{"name":"wp","href":"https:\/\/api.w.org\/{rel}","templated":true}]}}