{"id":12885,"date":"2024-04-29T20:13:41","date_gmt":"2024-04-29T19:13:41","guid":{"rendered":"https:\/\/ieshuelin.com\/huelinwp\/?p=12885"},"modified":"2024-05-15T20:40:41","modified_gmt":"2024-05-15T19:40:41","slug":"solicitar-becas-y-ayudas-curso-2024-2025","status":"publish","type":"post","link":"https:\/\/ieshuelin.com\/huelinwp\/2024\/04\/solicitar-becas-y-ayudas-curso-2024-2025\/","title":{"rendered":"SOLICITAR BECAS Y AYUDAS CURSO 2024-2025"},"content":{"rendered":"\n<p class=\"has-text-align-justify has-regular-font-size\">Actualmente hay abiertas <strong>2 convocatorias de BECAS o AYUDAS<\/strong> que se pueden solicitar. Son las siguientes:<\/p>\n\n\n\n<p class=\"has-large-font-size\">&#x2705; <strong>BECA GENERAL CURSO 2024-25<\/strong>.<\/p>\n\n\n\n<p class=\"has-text-align-justify has-regular-font-size\">Si el pr\u00f3ximo curso vas a iniciar estudios de Formaci\u00f3n Profesional, Bachillerato o estudios universitarios te interesa solicitar esta beca. Tienes de <strong>plazo s\u00f3lo hasta el d\u00eda 10 de Mayo<\/strong>, quedan muy pocos d\u00edas.<\/p>\n\n\n\n<p class=\"has-text-align-justify has-regular-font-size\">Consulta el siguiente Genially de Noemi S\u00e1nchez para m\u00e1s informaci\u00f3n:<\/p>\n\n\n\n<figure class=\"wp-block-embed is-type-wp-embed is-provider-genially wp-block-embed-genially\"><div class=\"wp-block-embed__wrapper\">\n<iframe class=\"wp-embedded-content\" sandbox=\"allow-scripts\" security=\"restricted\" title=\"NUEVA INFORMACION BECAS 22\/23\" frameborder='0' width='1200' height='675' src='https:\/\/view.genial.ly\/62305871d9b0bf001099bec9#?secret=hgmqRwFS1i' data-secret='hgmqRwFS1i' scrolling='yes'><\/iframe>\n<\/div><\/figure>\n\n\n\n<p class=\"has-large-font-size\">&#x2705; <strong>Ayudas para alumnado NEAE 2024-25<\/strong>.<\/p>\n\n\n\n<p class=\"has-text-align-justify has-regular-font-size\">El Ministerio de Educaci\u00f3n, Formaci\u00f3n Profesional y Deportes acaba de publicar la convocatoria de ayudas para el alumnado con necesidades espec\u00edficas de apoyo educativo NEAE para el pr\u00f3ximo curso.<\/p>\n\n\n\n<p class=\"has-text-align-justify has-regular-font-size\">El <strong>plazo<\/strong> de presentaci\u00f3n ser\u00e1 desde el <strong>30 de abril hasta el 13 de septiembre de 2024<\/strong>.<\/p>\n\n\n\n<p class=\"has-text-align-justify has-regular-font-size\"><strong>M\u00e1s informaci\u00f3n<\/strong> en el siguiente enlace Genially de Noemi S\u00e1nchez:<\/p>\n\n\n\n<figure class=\"wp-block-embed is-type-wp-embed is-provider-genially wp-block-embed-genially\"><div class=\"wp-block-embed__wrapper\">\n<iframe class=\"wp-embedded-content\" sandbox=\"allow-scripts\" security=\"restricted\" title=\"BECAS NEAE\" frameborder='0' width='1200' height='675' src='https:\/\/view.genial.ly\/6135ffce09713d0dcfce5ab2#?secret=Mz3PCPBWjm' data-secret='Mz3PCPBWjm' scrolling='yes'><\/iframe>\n<\/div><\/figure>\n\n\n\n<p class=\"has-regular-font-size\">o en el siguiente enlace del portal de <a href=\"https:\/\/www.becaseducacion.gob.es\/becas-y-ayudas\/ayudas-apoyo-educativo\/como-solicitarla.html#pasos-para-solicitarla\" target=\"_blank\" rel=\"noopener\" title=\"\">Becas y Ayudas<\/a> del Ministerio.<\/p>\n","protected":false},"excerpt":{"rendered":"<p>Actualmente hay abiertas 2 convocatorias de BECAS o AYUDAS que se pueden solicitar. Son las siguientes: &#x2705; BECA GENERAL CURSO 2024-25. Si el pr\u00f3ximo curso vas a iniciar estudios de Formaci\u00f3n Profesional, Bachillerato o estudios universitarios te interesa solicitar esta beca. Tienes de plazo s\u00f3lo hasta el d\u00eda 10 de Mayo, quedan muy pocos d\u00edas. &hellip; <\/p>\n<p><a class=\"more-link btn\" href=\"https:\/\/ieshuelin.com\/huelinwp\/2024\/04\/solicitar-becas-y-ayudas-curso-2024-2025\/\">Seguir leyendo<\/a><\/p>\n","protected":false},"author":56,"featured_media":0,"comment_status":"open","ping_status":"open","sticky":false,"template":"","format":"standard","meta":{"jetpack_post_was_ever_published":false,"_jetpack_newsletter_access":"","_jetpack_dont_email_post_to_subs":false,"_jetpack_newsletter_tier_id":0,"_jetpack_memberships_contains_paywalled_content":false,"_jetpack_memberships_contains_paid_content":false,"footnotes":"","jetpack_publicize_message":"","jetpack_publicize_feature_enabled":true,"jetpack_social_post_already_shared":true,"jetpack_social_options":{"image_generator_settings":{"template":"highway","default_image_id":0,"font":"","enabled":false},"version":2}},"categories":[11],"tags":[],"class_list":["post-12885","post","type-post","status-publish","format-standard","hentry","category-informacion-general","item-wrap"],"aioseo_notices":[],"jetpack_publicize_connections":[],"jetpack_featured_media_url":"","jetpack_sharing_enabled":true,"jetpack_shortlink":"https:\/\/wp.me\/p20cAk-3lP","jetpack-related-posts":[],"jetpack_likes_enabled":true,"_links":{"self":[{"href":"https:\/\/ieshuelin.com\/huelinwp\/wp-json\/wp\/v2\/posts\/12885","targetHints":{"allow":["GET"]}}],"collection":[{"href":"https:\/\/ieshuelin.com\/huelinwp\/wp-json\/wp\/v2\/posts"}],"about":[{"href":"https:\/\/ieshuelin.com\/huelinwp\/wp-json\/wp\/v2\/types\/post"}],"author":[{"embeddable":true,"href":"https:\/\/ieshuelin.com\/huelinwp\/wp-json\/wp\/v2\/users\/56"}],"replies":[{"embeddable":true,"href":"https:\/\/ieshuelin.com\/huelinwp\/wp-json\/wp\/v2\/comments?post=12885"}],"version-history":[{"count":4,"href":"https:\/\/ieshuelin.com\/huelinwp\/wp-json\/wp\/v2\/posts\/12885\/revisions"}],"predecessor-version":[{"id":12890,"href":"https:\/\/ieshuelin.com\/huelinwp\/wp-json\/wp\/v2\/posts\/12885\/revisions\/12890"}],"wp:attachment":[{"href":"https:\/\/ieshuelin.com\/huelinwp\/wp-json\/wp\/v2\/media?parent=12885"}],"wp:term":[{"taxonomy":"category","embeddable":true,"href":"https:\/\/ieshuelin.com\/huelinwp\/wp-json\/wp\/v2\/categories?post=12885"},{"taxonomy":"post_tag","embeddable":true,"href":"https:\/\/ieshuelin.com\/huelinwp\/wp-json\/wp\/v2\/tags?post=12885"}],"curies":[{"name":"wp","href":"https:\/\/api.w.org\/{rel}","templated":true}]}}