{"id":12649,"date":"2023-04-22T21:59:12","date_gmt":"2023-04-22T20:59:12","guid":{"rendered":"https:\/\/ieshuelin.com\/huelinwp\/?p=12649"},"modified":"2023-04-22T21:59:17","modified_gmt":"2023-04-22T20:59:17","slug":"visita-erasmus-al-ies-huelin","status":"publish","type":"post","link":"https:\/\/ieshuelin.com\/huelinwp\/2023\/04\/visita-erasmus-al-ies-huelin\/","title":{"rendered":"Visita Erasmus + al IES Huelin"},"content":{"rendered":"\n<p class=\"wp-block-paragraph\">Dentro del programa Erasmus+,&nbsp;<strong>cofinanciado por la Uni\u00f3n Europea<\/strong>, el IES Huelin ha sido escuela anfitriona desde el 13 al 23 de abril de dos escuelas europeas: la alemana BBS Museumsdorf Cloppenburg y la sueca Rinmangymnasiet en Eskilstuna.<\/p>\n\n\n\n<p class=\"wp-block-paragraph\">Durante la estancia los alumnos han realizado una gran variedad de actividades, entre las cuales destacan las siguientes: Visita guiada en ingl\u00e9s a la Alhambra y Sacromonte; visita a EMMA medioambiental, empresa de gesti\u00f3n de residuos comprometida con la protecci\u00f3n del medio ambiente y econom\u00eda circular; visita al Museo de M\u00e1laga y taller en el CIFAL en la casita del jardinero, centro de las Naciones Unidas que promueve la Agenda 2030 y los 17 objetivos de desarrollo sostenible.<\/p>\n\n\n\n<p class=\"wp-block-paragraph\">Entre las actividades recreativas y de convivencia podemos destacar las actividades deportivas en la playa de Huelin y el crucero en catamar\u00e1n por el puerto de M\u00e1laga, donde todos gozaron desde el mar de una puesta de sol espectacular sobre M\u00e1laga.<\/p>\n\n\n\n<p class=\"wp-block-paragraph\">El viernes los alumnos mostraron una presentaci\u00f3n de los cuentos, leyendas, tradiciones y el folclore de cada pa\u00eds, hicieron la evaluaci\u00f3n de la semana, recibieron una clase de flamenco por dos de nuestras alumnas y compartieron un almuerzo de despedida facilitado por las familias de nuestros alumnos.<\/p>\n\n\n\n<p class=\"wp-block-paragraph\">Finalmente, destacar que todos los alumnos tuvieron una experiencia muy enriquecedora e inolvidable, y que adem\u00e1s de la mejora en competencias acad\u00e9micas los alumnos han reforzado sus competencias sociales, personales y emocionales en una convivencia formidable.<\/p>\n\n\n\n<figure class=\"wp-block-image size-large\"><img data-recalc-dims=\"1\" loading=\"lazy\" decoding=\"async\" width=\"600\" height=\"450\" data-attachment-id=\"12650\" data-permalink=\"https:\/\/ieshuelin.com\/huelinwp\/2023\/04\/visita-erasmus-al-ies-huelin\/patio-de-los-leones-1\/\" data-orig-file=\"https:\/\/i0.wp.com\/ieshuelin.com\/huelinwp\/wp-content\/uploads\/2023\/04\/Patio-de-los-Leones-1-scaled.jpg?fit=2560%2C1920&amp;ssl=1\" data-orig-size=\"2560,1920\" data-comments-opened=\"1\" data-image-title=\"Patio-de-los-Leones-1\" data-image-description=\"\" data-image-caption=\"\" data-large-file=\"https:\/\/i0.wp.com\/ieshuelin.com\/huelinwp\/wp-content\/uploads\/2023\/04\/Patio-de-los-Leones-1-scaled.jpg?fit=600%2C450&amp;ssl=1\" src=\"https:\/\/i0.wp.com\/ieshuelin.com\/huelinwp\/wp-content\/uploads\/2023\/04\/Patio-de-los-Leones-1.jpg?resize=600%2C450&#038;ssl=1\" alt=\"\" class=\"wp-image-12650\" srcset=\"https:\/\/i0.wp.com\/ieshuelin.com\/huelinwp\/wp-content\/uploads\/2023\/04\/Patio-de-los-Leones-1-scaled.jpg?resize=600%2C450&amp;ssl=1 600w, https:\/\/i0.wp.com\/ieshuelin.com\/huelinwp\/wp-content\/uploads\/2023\/04\/Patio-de-los-Leones-1-scaled.jpg?resize=300%2C225&amp;ssl=1 300w, https:\/\/i0.wp.com\/ieshuelin.com\/huelinwp\/wp-content\/uploads\/2023\/04\/Patio-de-los-Leones-1-scaled.jpg?resize=768%2C576&amp;ssl=1 768w, https:\/\/i0.wp.com\/ieshuelin.com\/huelinwp\/wp-content\/uploads\/2023\/04\/Patio-de-los-Leones-1-scaled.jpg?resize=1536%2C1152&amp;ssl=1 1536w, https:\/\/i0.wp.com\/ieshuelin.com\/huelinwp\/wp-content\/uploads\/2023\/04\/Patio-de-los-Leones-1-scaled.jpg?resize=2048%2C1536&amp;ssl=1 2048w, https:\/\/i0.wp.com\/ieshuelin.com\/huelinwp\/wp-content\/uploads\/2023\/04\/Patio-de-los-Leones-1-scaled.jpg?resize=636%2C477&amp;ssl=1 636w, https:\/\/i0.wp.com\/ieshuelin.com\/huelinwp\/wp-content\/uploads\/2023\/04\/Patio-de-los-Leones-1-scaled.jpg?w=1273.3333333333&amp;ssl=1 1273.3333333333w, https:\/\/i0.wp.com\/ieshuelin.com\/huelinwp\/wp-content\/uploads\/2023\/04\/Patio-de-los-Leones-1-scaled.jpg?w=1910&amp;ssl=1 1910w\" sizes=\"auto, (max-width: 600px) 100vw, 600px\" \/><\/figure>\n\n\n\n<figure class=\"wp-block-image size-large\"><img data-recalc-dims=\"1\" loading=\"lazy\" decoding=\"async\" width=\"600\" height=\"450\" data-attachment-id=\"12651\" data-permalink=\"https:\/\/ieshuelin.com\/huelinwp\/2023\/04\/visita-erasmus-al-ies-huelin\/salon-de-actos-viernes-3\/\" data-orig-file=\"https:\/\/i0.wp.com\/ieshuelin.com\/huelinwp\/wp-content\/uploads\/2023\/04\/salon-de-actos-viernes-3-scaled.jpg?fit=2560%2C1920&amp;ssl=1\" data-orig-size=\"2560,1920\" data-comments-opened=\"1\" data-image-title=\"salon-de-actos-viernes-3\" data-image-description=\"\" data-image-caption=\"\" data-large-file=\"https:\/\/i0.wp.com\/ieshuelin.com\/huelinwp\/wp-content\/uploads\/2023\/04\/salon-de-actos-viernes-3-scaled.jpg?fit=600%2C450&amp;ssl=1\" src=\"https:\/\/i0.wp.com\/ieshuelin.com\/huelinwp\/wp-content\/uploads\/2023\/04\/salon-de-actos-viernes-3.jpg?resize=600%2C450&#038;ssl=1\" alt=\"\" class=\"wp-image-12651\" srcset=\"https:\/\/i0.wp.com\/ieshuelin.com\/huelinwp\/wp-content\/uploads\/2023\/04\/salon-de-actos-viernes-3-scaled.jpg?resize=600%2C450&amp;ssl=1 600w, https:\/\/i0.wp.com\/ieshuelin.com\/huelinwp\/wp-content\/uploads\/2023\/04\/salon-de-actos-viernes-3-scaled.jpg?resize=300%2C225&amp;ssl=1 300w, https:\/\/i0.wp.com\/ieshuelin.com\/huelinwp\/wp-content\/uploads\/2023\/04\/salon-de-actos-viernes-3-scaled.jpg?resize=768%2C576&amp;ssl=1 768w, https:\/\/i0.wp.com\/ieshuelin.com\/huelinwp\/wp-content\/uploads\/2023\/04\/salon-de-actos-viernes-3-scaled.jpg?resize=1536%2C1152&amp;ssl=1 1536w, https:\/\/i0.wp.com\/ieshuelin.com\/huelinwp\/wp-content\/uploads\/2023\/04\/salon-de-actos-viernes-3-scaled.jpg?resize=2048%2C1536&amp;ssl=1 2048w, https:\/\/i0.wp.com\/ieshuelin.com\/huelinwp\/wp-content\/uploads\/2023\/04\/salon-de-actos-viernes-3-scaled.jpg?resize=636%2C477&amp;ssl=1 636w, https:\/\/i0.wp.com\/ieshuelin.com\/huelinwp\/wp-content\/uploads\/2023\/04\/salon-de-actos-viernes-3-scaled.jpg?w=1273.3333333333&amp;ssl=1 1273.3333333333w, https:\/\/i0.wp.com\/ieshuelin.com\/huelinwp\/wp-content\/uploads\/2023\/04\/salon-de-actos-viernes-3-scaled.jpg?w=1910&amp;ssl=1 1910w\" sizes=\"auto, (max-width: 600px) 100vw, 600px\" \/><\/figure>\n\n\n\n<figure class=\"wp-block-image size-large\"><img data-recalc-dims=\"1\" loading=\"lazy\" decoding=\"async\" width=\"600\" height=\"450\" data-attachment-id=\"12652\" data-permalink=\"https:\/\/ieshuelin.com\/huelinwp\/2023\/04\/visita-erasmus-al-ies-huelin\/emma-1\/\" data-orig-file=\"https:\/\/i0.wp.com\/ieshuelin.com\/huelinwp\/wp-content\/uploads\/2023\/04\/Emma-1-scaled.jpg?fit=2560%2C1920&amp;ssl=1\" data-orig-size=\"2560,1920\" data-comments-opened=\"1\" data-image-title=\"Emma-1\" data-image-description=\"\" data-image-caption=\"\" data-large-file=\"https:\/\/i0.wp.com\/ieshuelin.com\/huelinwp\/wp-content\/uploads\/2023\/04\/Emma-1-scaled.jpg?fit=600%2C450&amp;ssl=1\" src=\"https:\/\/i0.wp.com\/ieshuelin.com\/huelinwp\/wp-content\/uploads\/2023\/04\/Emma-1.jpg?resize=600%2C450&#038;ssl=1\" alt=\"\" class=\"wp-image-12652\" srcset=\"https:\/\/i0.wp.com\/ieshuelin.com\/huelinwp\/wp-content\/uploads\/2023\/04\/Emma-1-scaled.jpg?resize=600%2C450&amp;ssl=1 600w, https:\/\/i0.wp.com\/ieshuelin.com\/huelinwp\/wp-content\/uploads\/2023\/04\/Emma-1-scaled.jpg?resize=300%2C225&amp;ssl=1 300w, https:\/\/i0.wp.com\/ieshuelin.com\/huelinwp\/wp-content\/uploads\/2023\/04\/Emma-1-scaled.jpg?resize=768%2C576&amp;ssl=1 768w, https:\/\/i0.wp.com\/ieshuelin.com\/huelinwp\/wp-content\/uploads\/2023\/04\/Emma-1-scaled.jpg?resize=1536%2C1152&amp;ssl=1 1536w, https:\/\/i0.wp.com\/ieshuelin.com\/huelinwp\/wp-content\/uploads\/2023\/04\/Emma-1-scaled.jpg?resize=2048%2C1536&amp;ssl=1 2048w, https:\/\/i0.wp.com\/ieshuelin.com\/huelinwp\/wp-content\/uploads\/2023\/04\/Emma-1-scaled.jpg?resize=636%2C477&amp;ssl=1 636w, https:\/\/i0.wp.com\/ieshuelin.com\/huelinwp\/wp-content\/uploads\/2023\/04\/Emma-1-scaled.jpg?w=1273.3333333333&amp;ssl=1 1273.3333333333w, https:\/\/i0.wp.com\/ieshuelin.com\/huelinwp\/wp-content\/uploads\/2023\/04\/Emma-1-scaled.jpg?w=1910&amp;ssl=1 1910w\" sizes=\"auto, (max-width: 600px) 100vw, 600px\" \/><\/figure>\n\n\n\n<figure class=\"wp-block-image size-large\"><img data-recalc-dims=\"1\" loading=\"lazy\" decoding=\"async\" width=\"600\" height=\"450\" data-attachment-id=\"12654\" data-permalink=\"https:\/\/ieshuelin.com\/huelinwp\/2023\/04\/visita-erasmus-al-ies-huelin\/cifal-2\/\" data-orig-file=\"https:\/\/i0.wp.com\/ieshuelin.com\/huelinwp\/wp-content\/uploads\/2023\/04\/cifal-2-scaled.jpg?fit=2560%2C1920&amp;ssl=1\" data-orig-size=\"2560,1920\" data-comments-opened=\"1\" data-image-title=\"cifal-2\" data-image-description=\"\" data-image-caption=\"\" data-large-file=\"https:\/\/i0.wp.com\/ieshuelin.com\/huelinwp\/wp-content\/uploads\/2023\/04\/cifal-2-scaled.jpg?fit=600%2C450&amp;ssl=1\" src=\"https:\/\/i0.wp.com\/ieshuelin.com\/huelinwp\/wp-content\/uploads\/2023\/04\/cifal-2.jpg?resize=600%2C450&#038;ssl=1\" alt=\"\" class=\"wp-image-12654\" srcset=\"https:\/\/i0.wp.com\/ieshuelin.com\/huelinwp\/wp-content\/uploads\/2023\/04\/cifal-2-scaled.jpg?resize=600%2C450&amp;ssl=1 600w, https:\/\/i0.wp.com\/ieshuelin.com\/huelinwp\/wp-content\/uploads\/2023\/04\/cifal-2-scaled.jpg?resize=300%2C225&amp;ssl=1 300w, https:\/\/i0.wp.com\/ieshuelin.com\/huelinwp\/wp-content\/uploads\/2023\/04\/cifal-2-scaled.jpg?resize=768%2C576&amp;ssl=1 768w, https:\/\/i0.wp.com\/ieshuelin.com\/huelinwp\/wp-content\/uploads\/2023\/04\/cifal-2-scaled.jpg?resize=1536%2C1152&amp;ssl=1 1536w, https:\/\/i0.wp.com\/ieshuelin.com\/huelinwp\/wp-content\/uploads\/2023\/04\/cifal-2-scaled.jpg?resize=2048%2C1536&amp;ssl=1 2048w, https:\/\/i0.wp.com\/ieshuelin.com\/huelinwp\/wp-content\/uploads\/2023\/04\/cifal-2-scaled.jpg?resize=636%2C477&amp;ssl=1 636w, https:\/\/i0.wp.com\/ieshuelin.com\/huelinwp\/wp-content\/uploads\/2023\/04\/cifal-2-scaled.jpg?w=1273.3333333333&amp;ssl=1 1273.3333333333w, https:\/\/i0.wp.com\/ieshuelin.com\/huelinwp\/wp-content\/uploads\/2023\/04\/cifal-2-scaled.jpg?w=1910&amp;ssl=1 1910w\" sizes=\"auto, (max-width: 600px) 100vw, 600px\" \/><\/figure>\n\n\n\n<figure class=\"wp-block-image size-large\"><img data-recalc-dims=\"1\" loading=\"lazy\" decoding=\"async\" width=\"600\" height=\"450\" data-attachment-id=\"12655\" data-permalink=\"https:\/\/ieshuelin.com\/huelinwp\/2023\/04\/visita-erasmus-al-ies-huelin\/exterior-museo\/\" data-orig-file=\"https:\/\/i0.wp.com\/ieshuelin.com\/huelinwp\/wp-content\/uploads\/2023\/04\/exterior-museo-scaled.jpg?fit=2560%2C1920&amp;ssl=1\" data-orig-size=\"2560,1920\" data-comments-opened=\"1\" data-image-title=\"exterior-museo\" data-image-description=\"\" data-image-caption=\"\" data-large-file=\"https:\/\/i0.wp.com\/ieshuelin.com\/huelinwp\/wp-content\/uploads\/2023\/04\/exterior-museo-scaled.jpg?fit=600%2C450&amp;ssl=1\" src=\"https:\/\/i0.wp.com\/ieshuelin.com\/huelinwp\/wp-content\/uploads\/2023\/04\/exterior-museo.jpg?resize=600%2C450&#038;ssl=1\" alt=\"\" class=\"wp-image-12655\" srcset=\"https:\/\/i0.wp.com\/ieshuelin.com\/huelinwp\/wp-content\/uploads\/2023\/04\/exterior-museo-scaled.jpg?resize=600%2C450&amp;ssl=1 600w, https:\/\/i0.wp.com\/ieshuelin.com\/huelinwp\/wp-content\/uploads\/2023\/04\/exterior-museo-scaled.jpg?resize=300%2C225&amp;ssl=1 300w, https:\/\/i0.wp.com\/ieshuelin.com\/huelinwp\/wp-content\/uploads\/2023\/04\/exterior-museo-scaled.jpg?resize=768%2C576&amp;ssl=1 768w, https:\/\/i0.wp.com\/ieshuelin.com\/huelinwp\/wp-content\/uploads\/2023\/04\/exterior-museo-scaled.jpg?resize=1536%2C1152&amp;ssl=1 1536w, https:\/\/i0.wp.com\/ieshuelin.com\/huelinwp\/wp-content\/uploads\/2023\/04\/exterior-museo-scaled.jpg?resize=2048%2C1536&amp;ssl=1 2048w, https:\/\/i0.wp.com\/ieshuelin.com\/huelinwp\/wp-content\/uploads\/2023\/04\/exterior-museo-scaled.jpg?resize=636%2C477&amp;ssl=1 636w, https:\/\/i0.wp.com\/ieshuelin.com\/huelinwp\/wp-content\/uploads\/2023\/04\/exterior-museo-scaled.jpg?w=1273.3333333333&amp;ssl=1 1273.3333333333w, https:\/\/i0.wp.com\/ieshuelin.com\/huelinwp\/wp-content\/uploads\/2023\/04\/exterior-museo-scaled.jpg?w=1910&amp;ssl=1 1910w\" sizes=\"auto, (max-width: 600px) 100vw, 600px\" \/><\/figure>\n","protected":false},"excerpt":{"rendered":"<p>Dentro del programa Erasmus+,&nbsp;cofinanciado por la Uni\u00f3n Europea, el IES Huelin ha sido escuela anfitriona desde el 13 al 23 de abril de dos escuelas europeas: la alemana BBS Museumsdorf Cloppenburg y la sueca Rinmangymnasiet en Eskilstuna. Durante la estancia los alumnos han realizado una gran variedad de actividades, entre las cuales destacan las siguientes: &hellip; <\/p>\n<p><a class=\"more-link btn\" href=\"https:\/\/ieshuelin.com\/huelinwp\/2023\/04\/visita-erasmus-al-ies-huelin\/\">Seguir leyendo<\/a><\/p>\n","protected":false},"author":71,"featured_media":0,"comment_status":"open","ping_status":"open","sticky":false,"template":"","format":"standard","meta":{"_jetpack_newsletter_access":"","_jetpack_dont_email_post_to_subs":false,"_jetpack_newsletter_tier_id":0,"_jetpack_memberships_contains_paywalled_content":false,"_jetpack_feature_clip_id":0,"_jetpack_memberships_contains_paid_content":false,"footnotes":"","jetpack_publicize_message":"","jetpack_publicize_feature_enabled":true,"jetpack_social_post_already_shared":true,"jetpack_social_options":{"image_generator_settings":{"template":"highway","default_image_id":0,"font":"","enabled":false},"version":2},"jetpack_post_was_ever_published":false},"categories":[11],"tags":[],"class_list":["post-12649","post","type-post","status-publish","format-standard","hentry","category-informacion-general","item-wrap"],"aioseo_notices":[],"aioseo_head":"\n\t\t<!-- All in One SEO 4.9.9 - aioseo.com -->\n\t<meta name=\"description\" content=\"Dentro del programa Erasmus+, cofinanciado por la Uni\u00f3n Europea, el IES Huelin ha sido escuela anfitriona desde el 13 al 23 de abril de dos escuelas europeas: la alemana BBS Museumsdorf Cloppenburg y la sueca Rinmangymnasiet en Eskilstuna. Durante la estancia los alumnos han realizado una gran variedad de actividades, entre las cuales destacan las siguientes:\" \/>\n\t<meta name=\"robots\" content=\"max-image-preview:large\" \/>\n\t<meta name=\"author\" content=\"Jos\u00e9 Antonio Chamorro Mu\u00f1oz\"\/>\n\t<link rel=\"canonical\" href=\"https:\/\/ieshuelin.com\/huelinwp\/2023\/04\/visita-erasmus-al-ies-huelin\/\" \/>\n\t<meta name=\"generator\" content=\"All in One SEO (AIOSEO) 4.9.9\" \/>\n\t\t<meta property=\"og:locale\" content=\"es_ES\" \/>\n\t\t<meta property=\"og:site_name\" content=\"| P\u00e1gina web del IES Huelin de M\u00e1laga\" \/>\n\t\t<meta property=\"og:type\" content=\"article\" \/>\n\t\t<meta property=\"og:title\" content=\"Visita Erasmus + al IES Huelin |\" \/>\n\t\t<meta property=\"og:description\" content=\"Dentro del programa Erasmus+, cofinanciado por la Uni\u00f3n Europea, el IES Huelin ha sido escuela anfitriona desde el 13 al 23 de abril de dos escuelas europeas: la alemana BBS Museumsdorf Cloppenburg y la sueca Rinmangymnasiet en Eskilstuna. Durante la estancia los alumnos han realizado una gran variedad de actividades, entre las cuales destacan las siguientes:\" \/>\n\t\t<meta property=\"og:url\" content=\"https:\/\/ieshuelin.com\/huelinwp\/2023\/04\/visita-erasmus-al-ies-huelin\/\" \/>\n\t\t<meta property=\"article:published_time\" content=\"2023-04-22T20:59:12+00:00\" \/>\n\t\t<meta property=\"article:modified_time\" content=\"2023-04-22T20:59:17+00:00\" \/>\n\t\t<meta name=\"twitter:card\" content=\"summary\" \/>\n\t\t<meta name=\"twitter:title\" content=\"Visita Erasmus + al IES Huelin |\" \/>\n\t\t<meta name=\"twitter:description\" content=\"Dentro del programa Erasmus+, cofinanciado por la Uni\u00f3n Europea, el IES Huelin ha sido escuela anfitriona desde el 13 al 23 de abril de dos escuelas europeas: la alemana BBS Museumsdorf Cloppenburg y la sueca Rinmangymnasiet en Eskilstuna. Durante la estancia los alumnos han realizado una gran variedad de actividades, entre las cuales destacan las siguientes:\" \/>\n\t\t<script type=\"application\/ld+json\" class=\"aioseo-schema\">\n\t\t\t{\"@context\":\"https:\\\/\\\/schema.org\",\"@graph\":[{\"@type\":\"Article\",\"@id\":\"https:\\\/\\\/ieshuelin.com\\\/huelinwp\\\/2023\\\/04\\\/visita-erasmus-al-ies-huelin\\\/#article\",\"name\":\"Visita Erasmus + al IES Huelin |\",\"headline\":\"Visita Erasmus + al IES Huelin\",\"author\":{\"@id\":\"https:\\\/\\\/ieshuelin.com\\\/huelinwp\\\/author\\\/pjchamorro\\\/#author\"},\"publisher\":{\"@id\":\"https:\\\/\\\/ieshuelin.com\\\/huelinwp\\\/#organization\"},\"image\":{\"@type\":\"ImageObject\",\"url\":\"https:\\\/\\\/ieshuelin.com\\\/huelinwp\\\/wp-content\\\/uploads\\\/2023\\\/04\\\/Patio-de-los-Leones-1.jpg\",\"@id\":\"https:\\\/\\\/ieshuelin.com\\\/huelinwp\\\/2023\\\/04\\\/visita-erasmus-al-ies-huelin\\\/#articleImage\"},\"datePublished\":\"2023-04-22T21:59:12+01:00\",\"dateModified\":\"2023-04-22T21:59:17+01:00\",\"inLanguage\":\"es-ES\",\"mainEntityOfPage\":{\"@id\":\"https:\\\/\\\/ieshuelin.com\\\/huelinwp\\\/2023\\\/04\\\/visita-erasmus-al-ies-huelin\\\/#webpage\"},\"isPartOf\":{\"@id\":\"https:\\\/\\\/ieshuelin.com\\\/huelinwp\\\/2023\\\/04\\\/visita-erasmus-al-ies-huelin\\\/#webpage\"},\"articleSection\":\"Principal\"},{\"@type\":\"BreadcrumbList\",\"@id\":\"https:\\\/\\\/ieshuelin.com\\\/huelinwp\\\/2023\\\/04\\\/visita-erasmus-al-ies-huelin\\\/#breadcrumblist\",\"itemListElement\":[{\"@type\":\"ListItem\",\"@id\":\"https:\\\/\\\/ieshuelin.com\\\/huelinwp#listItem\",\"position\":1,\"name\":\"Inicio\",\"item\":\"https:\\\/\\\/ieshuelin.com\\\/huelinwp\",\"nextItem\":{\"@type\":\"ListItem\",\"@id\":\"https:\\\/\\\/ieshuelin.com\\\/huelinwp\\\/category\\\/informacion-general\\\/#listItem\",\"name\":\"Principal\"}},{\"@type\":\"ListItem\",\"@id\":\"https:\\\/\\\/ieshuelin.com\\\/huelinwp\\\/category\\\/informacion-general\\\/#listItem\",\"position\":2,\"name\":\"Principal\",\"item\":\"https:\\\/\\\/ieshuelin.com\\\/huelinwp\\\/category\\\/informacion-general\\\/\",\"nextItem\":{\"@type\":\"ListItem\",\"@id\":\"https:\\\/\\\/ieshuelin.com\\\/huelinwp\\\/2023\\\/04\\\/visita-erasmus-al-ies-huelin\\\/#listItem\",\"name\":\"Visita Erasmus + al IES Huelin\"},\"previousItem\":{\"@type\":\"ListItem\",\"@id\":\"https:\\\/\\\/ieshuelin.com\\\/huelinwp#listItem\",\"name\":\"Inicio\"}},{\"@type\":\"ListItem\",\"@id\":\"https:\\\/\\\/ieshuelin.com\\\/huelinwp\\\/2023\\\/04\\\/visita-erasmus-al-ies-huelin\\\/#listItem\",\"position\":3,\"name\":\"Visita Erasmus + al IES Huelin\",\"previousItem\":{\"@type\":\"ListItem\",\"@id\":\"https:\\\/\\\/ieshuelin.com\\\/huelinwp\\\/category\\\/informacion-general\\\/#listItem\",\"name\":\"Principal\"}}]},{\"@type\":\"Organization\",\"@id\":\"https:\\\/\\\/ieshuelin.com\\\/huelinwp\\\/#organization\",\"name\":\"IES Huelin\",\"description\":\"P\\u00e1gina web del IES Huelin de M\\u00e1laga\",\"url\":\"https:\\\/\\\/ieshuelin.com\\\/huelinwp\\\/\",\"logo\":{\"@type\":\"ImageObject\",\"url\":\"https:\\\/\\\/i0.wp.com\\\/ieshuelin.com\\\/huelinwp\\\/wp-content\\\/uploads\\\/2018\\\/05\\\/logoieshuelin-500-sinfondo.png?fit=1666%2C1640&ssl=1\",\"@id\":\"https:\\\/\\\/ieshuelin.com\\\/huelinwp\\\/2023\\\/04\\\/visita-erasmus-al-ies-huelin\\\/#organizationLogo\",\"width\":1666,\"height\":1640},\"image\":{\"@id\":\"https:\\\/\\\/ieshuelin.com\\\/huelinwp\\\/2023\\\/04\\\/visita-erasmus-al-ies-huelin\\\/#organizationLogo\"}},{\"@type\":\"Person\",\"@id\":\"https:\\\/\\\/ieshuelin.com\\\/huelinwp\\\/author\\\/pjchamorro\\\/#author\",\"url\":\"https:\\\/\\\/ieshuelin.com\\\/huelinwp\\\/author\\\/pjchamorro\\\/\",\"name\":\"Jos\\u00e9 Antonio Chamorro Mu\\u00f1oz\",\"image\":{\"@type\":\"ImageObject\",\"@id\":\"https:\\\/\\\/ieshuelin.com\\\/huelinwp\\\/2023\\\/04\\\/visita-erasmus-al-ies-huelin\\\/#authorImage\",\"url\":\"https:\\\/\\\/secure.gravatar.com\\\/avatar\\\/99cda845d171e0c9ae4ac73138cbfec7f073aa9eca0a9d3c4f12c6bd022b83c9?s=96&d=mm&r=g\",\"width\":96,\"height\":96,\"caption\":\"Jos\\u00e9 Antonio Chamorro Mu\\u00f1oz\"}},{\"@type\":\"WebPage\",\"@id\":\"https:\\\/\\\/ieshuelin.com\\\/huelinwp\\\/2023\\\/04\\\/visita-erasmus-al-ies-huelin\\\/#webpage\",\"url\":\"https:\\\/\\\/ieshuelin.com\\\/huelinwp\\\/2023\\\/04\\\/visita-erasmus-al-ies-huelin\\\/\",\"name\":\"Visita Erasmus + al IES Huelin |\",\"description\":\"Dentro del programa Erasmus+, cofinanciado por la Uni\\u00f3n Europea, el IES Huelin ha sido escuela anfitriona desde el 13 al 23 de abril de dos escuelas europeas: la alemana BBS Museumsdorf Cloppenburg y la sueca Rinmangymnasiet en Eskilstuna. Durante la estancia los alumnos han realizado una gran variedad de actividades, entre las cuales destacan las siguientes:\",\"inLanguage\":\"es-ES\",\"isPartOf\":{\"@id\":\"https:\\\/\\\/ieshuelin.com\\\/huelinwp\\\/#website\"},\"breadcrumb\":{\"@id\":\"https:\\\/\\\/ieshuelin.com\\\/huelinwp\\\/2023\\\/04\\\/visita-erasmus-al-ies-huelin\\\/#breadcrumblist\"},\"author\":{\"@id\":\"https:\\\/\\\/ieshuelin.com\\\/huelinwp\\\/author\\\/pjchamorro\\\/#author\"},\"creator\":{\"@id\":\"https:\\\/\\\/ieshuelin.com\\\/huelinwp\\\/author\\\/pjchamorro\\\/#author\"},\"datePublished\":\"2023-04-22T21:59:12+01:00\",\"dateModified\":\"2023-04-22T21:59:17+01:00\"},{\"@type\":\"WebSite\",\"@id\":\"https:\\\/\\\/ieshuelin.com\\\/huelinwp\\\/#website\",\"url\":\"https:\\\/\\\/ieshuelin.com\\\/huelinwp\\\/\",\"alternateName\":\"ieshuelin\",\"description\":\"P\\u00e1gina web del IES Huelin de M\\u00e1laga\",\"inLanguage\":\"es-ES\",\"publisher\":{\"@id\":\"https:\\\/\\\/ieshuelin.com\\\/huelinwp\\\/#organization\"}}]}\n\t\t<\/script>\n\t\t<!-- All in One SEO -->\n\n","aioseo_head_json":{"title":"Visita Erasmus + al IES Huelin |","description":"Dentro del programa Erasmus+, cofinanciado por la Uni\u00f3n Europea, el IES Huelin ha sido escuela anfitriona desde el 13 al 23 de abril de dos escuelas europeas: la alemana BBS Museumsdorf Cloppenburg y la sueca Rinmangymnasiet en Eskilstuna. Durante la estancia los alumnos han realizado una gran variedad de actividades, entre las cuales destacan las siguientes:","canonical_url":"https:\/\/ieshuelin.com\/huelinwp\/2023\/04\/visita-erasmus-al-ies-huelin\/","robots":"max-image-preview:large","keywords":"","webmasterTools":{"miscellaneous":""},"schema":{"@context":"https:\/\/schema.org","@graph":[{"@type":"Article","@id":"https:\/\/ieshuelin.com\/huelinwp\/2023\/04\/visita-erasmus-al-ies-huelin\/#article","name":"Visita Erasmus + al IES Huelin |","headline":"Visita Erasmus + al IES Huelin","author":{"@id":"https:\/\/ieshuelin.com\/huelinwp\/author\/pjchamorro\/#author"},"publisher":{"@id":"https:\/\/ieshuelin.com\/huelinwp\/#organization"},"image":{"@type":"ImageObject","url":"https:\/\/ieshuelin.com\/huelinwp\/wp-content\/uploads\/2023\/04\/Patio-de-los-Leones-1.jpg","@id":"https:\/\/ieshuelin.com\/huelinwp\/2023\/04\/visita-erasmus-al-ies-huelin\/#articleImage"},"datePublished":"2023-04-22T21:59:12+01:00","dateModified":"2023-04-22T21:59:17+01:00","inLanguage":"es-ES","mainEntityOfPage":{"@id":"https:\/\/ieshuelin.com\/huelinwp\/2023\/04\/visita-erasmus-al-ies-huelin\/#webpage"},"isPartOf":{"@id":"https:\/\/ieshuelin.com\/huelinwp\/2023\/04\/visita-erasmus-al-ies-huelin\/#webpage"},"articleSection":"Principal"},{"@type":"BreadcrumbList","@id":"https:\/\/ieshuelin.com\/huelinwp\/2023\/04\/visita-erasmus-al-ies-huelin\/#breadcrumblist","itemListElement":[{"@type":"ListItem","@id":"https:\/\/ieshuelin.com\/huelinwp#listItem","position":1,"name":"Inicio","item":"https:\/\/ieshuelin.com\/huelinwp","nextItem":{"@type":"ListItem","@id":"https:\/\/ieshuelin.com\/huelinwp\/category\/informacion-general\/#listItem","name":"Principal"}},{"@type":"ListItem","@id":"https:\/\/ieshuelin.com\/huelinwp\/category\/informacion-general\/#listItem","position":2,"name":"Principal","item":"https:\/\/ieshuelin.com\/huelinwp\/category\/informacion-general\/","nextItem":{"@type":"ListItem","@id":"https:\/\/ieshuelin.com\/huelinwp\/2023\/04\/visita-erasmus-al-ies-huelin\/#listItem","name":"Visita Erasmus + al IES Huelin"},"previousItem":{"@type":"ListItem","@id":"https:\/\/ieshuelin.com\/huelinwp#listItem","name":"Inicio"}},{"@type":"ListItem","@id":"https:\/\/ieshuelin.com\/huelinwp\/2023\/04\/visita-erasmus-al-ies-huelin\/#listItem","position":3,"name":"Visita Erasmus + al IES Huelin","previousItem":{"@type":"ListItem","@id":"https:\/\/ieshuelin.com\/huelinwp\/category\/informacion-general\/#listItem","name":"Principal"}}]},{"@type":"Organization","@id":"https:\/\/ieshuelin.com\/huelinwp\/#organization","name":"IES Huelin","description":"P\u00e1gina web del IES Huelin de M\u00e1laga","url":"https:\/\/ieshuelin.com\/huelinwp\/","logo":{"@type":"ImageObject","url":"https:\/\/i0.wp.com\/ieshuelin.com\/huelinwp\/wp-content\/uploads\/2018\/05\/logoieshuelin-500-sinfondo.png?fit=1666%2C1640&ssl=1","@id":"https:\/\/ieshuelin.com\/huelinwp\/2023\/04\/visita-erasmus-al-ies-huelin\/#organizationLogo","width":1666,"height":1640},"image":{"@id":"https:\/\/ieshuelin.com\/huelinwp\/2023\/04\/visita-erasmus-al-ies-huelin\/#organizationLogo"}},{"@type":"Person","@id":"https:\/\/ieshuelin.com\/huelinwp\/author\/pjchamorro\/#author","url":"https:\/\/ieshuelin.com\/huelinwp\/author\/pjchamorro\/","name":"Jos\u00e9 Antonio Chamorro Mu\u00f1oz","image":{"@type":"ImageObject","@id":"https:\/\/ieshuelin.com\/huelinwp\/2023\/04\/visita-erasmus-al-ies-huelin\/#authorImage","url":"https:\/\/secure.gravatar.com\/avatar\/99cda845d171e0c9ae4ac73138cbfec7f073aa9eca0a9d3c4f12c6bd022b83c9?s=96&d=mm&r=g","width":96,"height":96,"caption":"Jos\u00e9 Antonio Chamorro Mu\u00f1oz"}},{"@type":"WebPage","@id":"https:\/\/ieshuelin.com\/huelinwp\/2023\/04\/visita-erasmus-al-ies-huelin\/#webpage","url":"https:\/\/ieshuelin.com\/huelinwp\/2023\/04\/visita-erasmus-al-ies-huelin\/","name":"Visita Erasmus + al IES Huelin |","description":"Dentro del programa Erasmus+, cofinanciado por la Uni\u00f3n Europea, el IES Huelin ha sido escuela anfitriona desde el 13 al 23 de abril de dos escuelas europeas: la alemana BBS Museumsdorf Cloppenburg y la sueca Rinmangymnasiet en Eskilstuna. Durante la estancia los alumnos han realizado una gran variedad de actividades, entre las cuales destacan las siguientes:","inLanguage":"es-ES","isPartOf":{"@id":"https:\/\/ieshuelin.com\/huelinwp\/#website"},"breadcrumb":{"@id":"https:\/\/ieshuelin.com\/huelinwp\/2023\/04\/visita-erasmus-al-ies-huelin\/#breadcrumblist"},"author":{"@id":"https:\/\/ieshuelin.com\/huelinwp\/author\/pjchamorro\/#author"},"creator":{"@id":"https:\/\/ieshuelin.com\/huelinwp\/author\/pjchamorro\/#author"},"datePublished":"2023-04-22T21:59:12+01:00","dateModified":"2023-04-22T21:59:17+01:00"},{"@type":"WebSite","@id":"https:\/\/ieshuelin.com\/huelinwp\/#website","url":"https:\/\/ieshuelin.com\/huelinwp\/","alternateName":"ieshuelin","description":"P\u00e1gina web del IES Huelin de M\u00e1laga","inLanguage":"es-ES","publisher":{"@id":"https:\/\/ieshuelin.com\/huelinwp\/#organization"}}]},"og:locale":"es_ES","og:site_name":"| P\u00e1gina web del IES Huelin de M\u00e1laga","og:type":"article","og:title":"Visita Erasmus + al IES Huelin |","og:description":"Dentro del programa Erasmus+, cofinanciado por la Uni\u00f3n Europea, el IES Huelin ha sido escuela anfitriona desde el 13 al 23 de abril de dos escuelas europeas: la alemana BBS Museumsdorf Cloppenburg y la sueca Rinmangymnasiet en Eskilstuna. Durante la estancia los alumnos han realizado una gran variedad de actividades, entre las cuales destacan las siguientes:","og:url":"https:\/\/ieshuelin.com\/huelinwp\/2023\/04\/visita-erasmus-al-ies-huelin\/","article:published_time":"2023-04-22T20:59:12+00:00","article:modified_time":"2023-04-22T20:59:17+00:00","twitter:card":"summary","twitter:title":"Visita Erasmus + al IES Huelin |","twitter:description":"Dentro del programa Erasmus+, cofinanciado por la Uni\u00f3n Europea, el IES Huelin ha sido escuela anfitriona desde el 13 al 23 de abril de dos escuelas europeas: la alemana BBS Museumsdorf Cloppenburg y la sueca Rinmangymnasiet en Eskilstuna. Durante la estancia los alumnos han realizado una gran variedad de actividades, entre las cuales destacan las siguientes:"},"aioseo_meta_data":{"post_id":"12649","title":null,"description":null,"keywords":[],"keyphrases":{"focus":{"keyphrase":"","score":0,"analysis":{"keyphraseInTitle":{"score":0,"maxScore":9,"error":1}}},"additional":[]},"primary_term":null,"canonical_url":null,"og_title":null,"og_description":null,"og_object_type":"default","og_image_type":"default","og_image_url":null,"og_image_width":null,"og_image_height":null,"og_image_custom_url":null,"og_image_custom_fields":null,"og_video":"","og_custom_url":null,"og_article_section":null,"og_article_tags":[],"twitter_use_og":false,"twitter_card":"default","twitter_image_type":"default","twitter_image_url":null,"twitter_image_custom_url":null,"twitter_image_custom_fields":null,"twitter_title":null,"twitter_description":null,"schema":{"blockGraphs":[],"customGraphs":[],"default":{"data":{"Article":[],"Course":[],"Dataset":[],"FAQPage":[],"Movie":[],"Person":[],"Product":[],"ProductReview":[],"Car":[],"Recipe":[],"Service":[],"SoftwareApplication":[],"WebPage":[]},"graphName":"Article","isEnabled":true},"graphs":[]},"schema_type":"default","schema_type_options":null,"pillar_content":false,"robots_default":true,"robots_noindex":false,"robots_noarchive":false,"robots_nosnippet":false,"robots_nofollow":false,"robots_noimageindex":false,"robots_noodp":false,"robots_notranslate":false,"robots_max_snippet":"-1","robots_max_videopreview":"-1","robots_max_imagepreview":"large","priority":null,"frequency":"default","local_seo":null,"breadcrumb_settings":null,"limit_modified_date":false,"ai":null,"created":"2023-04-22 20:55:43","updated":"2025-09-12 04:28:54","seo_analyzer_scan_date":null},"aioseo_breadcrumb":"<div class=\"aioseo-breadcrumbs\"><span class=\"aioseo-breadcrumb\">\n\t\t\t<a href=\"https:\/\/ieshuelin.com\/huelinwp\" title=\"Inicio\">Inicio<\/a>\n\t\t<\/span><span class=\"aioseo-breadcrumb-separator\">&raquo;<\/span><span class=\"aioseo-breadcrumb\">\n\t\t\t<a href=\"https:\/\/ieshuelin.com\/huelinwp\/category\/informacion-general\/\" title=\"Principal\">Principal<\/a>\n\t\t<\/span><span class=\"aioseo-breadcrumb-separator\">&raquo;<\/span><span class=\"aioseo-breadcrumb\">\n\t\t\tVisita Erasmus + al IES Huelin\n\t\t<\/span><\/div>","aioseo_breadcrumb_json":[{"label":"Inicio","link":"https:\/\/ieshuelin.com\/huelinwp"},{"label":"Principal","link":"https:\/\/ieshuelin.com\/huelinwp\/category\/informacion-general\/"},{"label":"Visita Erasmus + al IES Huelin","link":"https:\/\/ieshuelin.com\/huelinwp\/2023\/04\/visita-erasmus-al-ies-huelin\/"}],"jetpack_publicize_connections":[],"jetpack_featured_media_url":"","jetpack_sharing_enabled":true,"jetpack_shortlink":"https:\/\/wp.me\/p20cAk-3i1","jetpack-related-posts":[],"jetpack_likes_enabled":true,"_links":{"self":[{"href":"https:\/\/ieshuelin.com\/huelinwp\/wp-json\/wp\/v2\/posts\/12649","targetHints":{"allow":["GET"]}}],"collection":[{"href":"https:\/\/ieshuelin.com\/huelinwp\/wp-json\/wp\/v2\/posts"}],"about":[{"href":"https:\/\/ieshuelin.com\/huelinwp\/wp-json\/wp\/v2\/types\/post"}],"author":[{"embeddable":true,"href":"https:\/\/ieshuelin.com\/huelinwp\/wp-json\/wp\/v2\/users\/71"}],"replies":[{"embeddable":true,"href":"https:\/\/ieshuelin.com\/huelinwp\/wp-json\/wp\/v2\/comments?post=12649"}],"version-history":[{"count":1,"href":"https:\/\/ieshuelin.com\/huelinwp\/wp-json\/wp\/v2\/posts\/12649\/revisions"}],"predecessor-version":[{"id":12656,"href":"https:\/\/ieshuelin.com\/huelinwp\/wp-json\/wp\/v2\/posts\/12649\/revisions\/12656"}],"wp:attachment":[{"href":"https:\/\/ieshuelin.com\/huelinwp\/wp-json\/wp\/v2\/media?parent=12649"}],"wp:term":[{"taxonomy":"category","embeddable":true,"href":"https:\/\/ieshuelin.com\/huelinwp\/wp-json\/wp\/v2\/categories?post=12649"},{"taxonomy":"post_tag","embeddable":true,"href":"https:\/\/ieshuelin.com\/huelinwp\/wp-json\/wp\/v2\/tags?post=12649"}],"curies":[{"name":"wp","href":"https:\/\/api.w.org\/{rel}","templated":true}]}}