{"id":12625,"date":"2023-04-12T18:24:37","date_gmt":"2023-04-12T17:24:37","guid":{"rendered":"https:\/\/ieshuelin.com\/huelinwp\/?p=12625"},"modified":"2023-04-12T18:27:55","modified_gmt":"2023-04-12T17:27:55","slug":"olimpiadas-matematicas","status":"publish","type":"post","link":"https:\/\/ieshuelin.com\/huelinwp\/2023\/04\/olimpiadas-matematicas\/","title":{"rendered":"Olimpiada matem\u00e1tica"},"content":{"rendered":"\n<p>El pasado 18 de Marzo se celebr\u00f3 la XXXVIII OMTH (OLIMPIADA MATEM\u00c1TICA THALES) de 2\u00baESO en la que participaron 5 alumnos del IES Huelin. En la fase provincial fueron 504 alumnos los que se presentaron, de los cuales han quedado 20 finalistas entre los que se encuentran 5 que ir\u00edan a la fase Regional que se celebrar\u00e1 en Almer\u00eda. Nuestro instituto tiene el orgullo de que uno de esos 20 finalistas es alumno nuestro. Se trata de TMR de 2\u00ba ESOB. Al resto de  alumnos participantes de nuestro IES les damos la enhorabuena por participar, gracias a ese talento matem\u00e1tico que poseen, y las gracias por habernos representado.<\/p>\n\n\n\n<p>El pr\u00f3ximo jueves 13  se celebrar\u00e1 la ceremonia de entrega de premios en la sala  Mar\u00eda Cristina y conoceremos si TMR nos representar\u00e1 en la fase Regional.\u00a0<\/p>\n\n\n\n<p>Enhorabuena a TMR y a su familia y mucha suerte!!! Seguro que lo consigues!!!<\/p>\n\n\n\n<p><\/p>\n\n\n\n<p><\/p>\n\n\n\n<figure class=\"wp-block-image size-large\"><img data-recalc-dims=\"1\" loading=\"lazy\" decoding=\"async\" width=\"600\" height=\"450\" data-attachment-id=\"12626\" data-permalink=\"https:\/\/ieshuelin.com\/huelinwp\/2023\/04\/olimpiadas-matematicas\/img-1830\/\" data-orig-file=\"https:\/\/i0.wp.com\/ieshuelin.com\/huelinwp\/wp-content\/uploads\/2023\/04\/IMG-1830.jpg?fit=1600%2C1200&amp;ssl=1\" data-orig-size=\"1600,1200\" data-comments-opened=\"1\" data-image-meta=\"{&quot;aperture&quot;:&quot;0&quot;,&quot;credit&quot;:&quot;&quot;,&quot;camera&quot;:&quot;&quot;,&quot;caption&quot;:&quot;&quot;,&quot;created_timestamp&quot;:&quot;1681317317&quot;,&quot;copyright&quot;:&quot;&quot;,&quot;focal_length&quot;:&quot;0&quot;,&quot;iso&quot;:&quot;0&quot;,&quot;shutter_speed&quot;:&quot;0&quot;,&quot;title&quot;:&quot;&quot;,&quot;orientation&quot;:&quot;0&quot;}\" data-image-title=\"IMG-1830\" data-image-description=\"\" data-image-caption=\"\" data-medium-file=\"https:\/\/i0.wp.com\/ieshuelin.com\/huelinwp\/wp-content\/uploads\/2023\/04\/IMG-1830.jpg?fit=300%2C225&amp;ssl=1\" data-large-file=\"https:\/\/i0.wp.com\/ieshuelin.com\/huelinwp\/wp-content\/uploads\/2023\/04\/IMG-1830.jpg?fit=600%2C450&amp;ssl=1\" src=\"https:\/\/i0.wp.com\/ieshuelin.com\/huelinwp\/wp-content\/uploads\/2023\/04\/IMG-1830.jpg?resize=600%2C450&#038;ssl=1\" alt=\"\" class=\"wp-image-12626\" srcset=\"https:\/\/i0.wp.com\/ieshuelin.com\/huelinwp\/wp-content\/uploads\/2023\/04\/IMG-1830.jpg?resize=600%2C450&amp;ssl=1 600w, https:\/\/i0.wp.com\/ieshuelin.com\/huelinwp\/wp-content\/uploads\/2023\/04\/IMG-1830.jpg?resize=300%2C225&amp;ssl=1 300w, https:\/\/i0.wp.com\/ieshuelin.com\/huelinwp\/wp-content\/uploads\/2023\/04\/IMG-1830.jpg?resize=768%2C576&amp;ssl=1 768w, https:\/\/i0.wp.com\/ieshuelin.com\/huelinwp\/wp-content\/uploads\/2023\/04\/IMG-1830.jpg?resize=1536%2C1152&amp;ssl=1 1536w, https:\/\/i0.wp.com\/ieshuelin.com\/huelinwp\/wp-content\/uploads\/2023\/04\/IMG-1830.jpg?resize=636%2C477&amp;ssl=1 636w, https:\/\/i0.wp.com\/ieshuelin.com\/huelinwp\/wp-content\/uploads\/2023\/04\/IMG-1830.jpg?w=1600&amp;ssl=1 1600w, https:\/\/i0.wp.com\/ieshuelin.com\/huelinwp\/wp-content\/uploads\/2023\/04\/IMG-1830.jpg?w=1273.3333333333&amp;ssl=1 1273.3333333333w\" sizes=\"auto, (max-width: 600px) 100vw, 600px\" \/><\/figure>\n","protected":false},"excerpt":{"rendered":"<p>El pasado 18 de Marzo se celebr\u00f3 la XXXVIII OMTH (OLIMPIADA MATEM\u00c1TICA THALES) de 2\u00baESO en la que participaron 5 alumnos del IES Huelin. En la fase provincial fueron 504 alumnos los que se presentaron, de los cuales han quedado 20 finalistas entre los que se encuentran 5 que ir\u00edan a la fase Regional que &hellip; <\/p>\n<p><a class=\"more-link btn\" href=\"https:\/\/ieshuelin.com\/huelinwp\/2023\/04\/olimpiadas-matematicas\/\">Seguir leyendo<\/a><\/p>\n","protected":false},"author":71,"featured_media":0,"comment_status":"open","ping_status":"open","sticky":false,"template":"","format":"standard","meta":{"jetpack_post_was_ever_published":false,"_jetpack_newsletter_access":"","_jetpack_dont_email_post_to_subs":false,"_jetpack_newsletter_tier_id":0,"_jetpack_memberships_contains_paywalled_content":false,"_jetpack_memberships_contains_paid_content":false,"footnotes":"","jetpack_publicize_message":"","jetpack_publicize_feature_enabled":true,"jetpack_social_post_already_shared":true,"jetpack_social_options":{"image_generator_settings":{"template":"highway","default_image_id":0,"font":"","enabled":false},"version":2}},"categories":[11],"tags":[],"class_list":["post-12625","post","type-post","status-publish","format-standard","hentry","category-informacion-general","item-wrap"],"aioseo_notices":[],"jetpack_publicize_connections":[],"jetpack_featured_media_url":"","jetpack_sharing_enabled":true,"jetpack_shortlink":"https:\/\/wp.me\/p20cAk-3hD","jetpack-related-posts":[],"jetpack_likes_enabled":true,"_links":{"self":[{"href":"https:\/\/ieshuelin.com\/huelinwp\/wp-json\/wp\/v2\/posts\/12625","targetHints":{"allow":["GET"]}}],"collection":[{"href":"https:\/\/ieshuelin.com\/huelinwp\/wp-json\/wp\/v2\/posts"}],"about":[{"href":"https:\/\/ieshuelin.com\/huelinwp\/wp-json\/wp\/v2\/types\/post"}],"author":[{"embeddable":true,"href":"https:\/\/ieshuelin.com\/huelinwp\/wp-json\/wp\/v2\/users\/71"}],"replies":[{"embeddable":true,"href":"https:\/\/ieshuelin.com\/huelinwp\/wp-json\/wp\/v2\/comments?post=12625"}],"version-history":[{"count":2,"href":"https:\/\/ieshuelin.com\/huelinwp\/wp-json\/wp\/v2\/posts\/12625\/revisions"}],"predecessor-version":[{"id":12628,"href":"https:\/\/ieshuelin.com\/huelinwp\/wp-json\/wp\/v2\/posts\/12625\/revisions\/12628"}],"wp:attachment":[{"href":"https:\/\/ieshuelin.com\/huelinwp\/wp-json\/wp\/v2\/media?parent=12625"}],"wp:term":[{"taxonomy":"category","embeddable":true,"href":"https:\/\/ieshuelin.com\/huelinwp\/wp-json\/wp\/v2\/categories?post=12625"},{"taxonomy":"post_tag","embeddable":true,"href":"https:\/\/ieshuelin.com\/huelinwp\/wp-json\/wp\/v2\/tags?post=12625"}],"curies":[{"name":"wp","href":"https:\/\/api.w.org\/{rel}","templated":true}]}}