{"id":12607,"date":"2023-03-22T13:25:50","date_gmt":"2023-03-22T12:25:50","guid":{"rendered":"https:\/\/ieshuelin.com\/huelinwp\/?p=12607"},"modified":"2023-03-22T13:26:12","modified_gmt":"2023-03-22T12:26:12","slug":"becas-curso-2023-2024","status":"publish","type":"post","link":"https:\/\/ieshuelin.com\/huelinwp\/2023\/03\/becas-curso-2023-2024\/","title":{"rendered":"BECAS CURSO 2023-2024"},"content":{"rendered":"\n<p><\/p>\n\n\n\n<p>La Consejer\u00eda de Desarrollo Educativo y Formaci\u00f3n Profesional convoca las becas para el pr\u00f3ximo curso 23-24. En el archivo adjunto est\u00e1 la informaci\u00f3n para poder solicitar la beca.<\/p>\n\n\n\n<figure class=\"wp-block-gallery has-nested-images columns-default is-cropped wp-block-gallery-2 is-layout-flex wp-block-gallery-is-layout-flex\">\n<figure class=\"wp-block-image size-large\"><img data-recalc-dims=\"1\" loading=\"lazy\" decoding=\"async\" width=\"424\" height=\"600\" data-attachment-id=\"12609\" data-permalink=\"https:\/\/ieshuelin.com\/huelinwp\/2023\/03\/becas-curso-2023-2024\/cartel\/\" data-orig-file=\"https:\/\/i0.wp.com\/ieshuelin.com\/huelinwp\/wp-content\/uploads\/2023\/03\/cartel-scaled.jpg?fit=1810%2C2560&amp;ssl=1\" data-orig-size=\"1810,2560\" data-comments-opened=\"1\" data-image-meta=\"{&quot;aperture&quot;:&quot;0&quot;,&quot;credit&quot;:&quot;&quot;,&quot;camera&quot;:&quot;&quot;,&quot;caption&quot;:&quot;&quot;,&quot;created_timestamp&quot;:&quot;0&quot;,&quot;copyright&quot;:&quot;&quot;,&quot;focal_length&quot;:&quot;0&quot;,&quot;iso&quot;:&quot;0&quot;,&quot;shutter_speed&quot;:&quot;0&quot;,&quot;title&quot;:&quot;&quot;,&quot;orientation&quot;:&quot;0&quot;}\" data-image-title=\"cartel\" data-image-description=\"\" data-image-caption=\"\" data-medium-file=\"https:\/\/i0.wp.com\/ieshuelin.com\/huelinwp\/wp-content\/uploads\/2023\/03\/cartel-scaled.jpg?fit=212%2C300&amp;ssl=1\" data-large-file=\"https:\/\/i0.wp.com\/ieshuelin.com\/huelinwp\/wp-content\/uploads\/2023\/03\/cartel-scaled.jpg?fit=424%2C600&amp;ssl=1\" data-id=\"12609\" src=\"https:\/\/i0.wp.com\/ieshuelin.com\/huelinwp\/wp-content\/uploads\/2023\/03\/cartel.jpg?resize=424%2C600&#038;ssl=1\" alt=\"\" class=\"wp-image-12609\" srcset=\"https:\/\/i0.wp.com\/ieshuelin.com\/huelinwp\/wp-content\/uploads\/2023\/03\/cartel-scaled.jpg?resize=424%2C600&amp;ssl=1 424w, https:\/\/i0.wp.com\/ieshuelin.com\/huelinwp\/wp-content\/uploads\/2023\/03\/cartel-scaled.jpg?resize=212%2C300&amp;ssl=1 212w, https:\/\/i0.wp.com\/ieshuelin.com\/huelinwp\/wp-content\/uploads\/2023\/03\/cartel-scaled.jpg?resize=768%2C1086&amp;ssl=1 768w, https:\/\/i0.wp.com\/ieshuelin.com\/huelinwp\/wp-content\/uploads\/2023\/03\/cartel-scaled.jpg?resize=1086%2C1536&amp;ssl=1 1086w, https:\/\/i0.wp.com\/ieshuelin.com\/huelinwp\/wp-content\/uploads\/2023\/03\/cartel-scaled.jpg?resize=1448%2C2048&amp;ssl=1 1448w, https:\/\/i0.wp.com\/ieshuelin.com\/huelinwp\/wp-content\/uploads\/2023\/03\/cartel-scaled.jpg?resize=636%2C900&amp;ssl=1 636w, https:\/\/i0.wp.com\/ieshuelin.com\/huelinwp\/wp-content\/uploads\/2023\/03\/cartel-scaled.jpg?w=1810&amp;ssl=1 1810w, https:\/\/i0.wp.com\/ieshuelin.com\/huelinwp\/wp-content\/uploads\/2023\/03\/cartel-scaled.jpg?w=1273.3333333333&amp;ssl=1 1273.3333333333w\" sizes=\"auto, (max-width: 424px) 100vw, 424px\" \/><\/figure>\n<\/figure>\n\n\n\n\n\n\n\n<div data-wp-interactive=\"core\/file\" class=\"wp-block-file\"><object data-wp-bind--hidden=\"!state.hasPdfPreview\" hidden class=\"wp-block-file__embed\" data=\"https:\/\/ieshuelin.com\/huelinwp\/wp-content\/uploads\/2023\/03\/Tu-beca-en-nueve-pasos_ANDALUCIA-_WEB.pdf\" type=\"application\/pdf\" style=\"width:100%;height:600px\" aria-label=\"Incrustado de Tu-beca-en-nueve-pasos_ANDALUCIA-_WEB.\"><\/object><a id=\"wp-block-file--media-e12dc5aa-8216-4034-927a-ca5b5f3af711\" href=\"https:\/\/ieshuelin.com\/huelinwp\/wp-content\/uploads\/2023\/03\/Tu-beca-en-nueve-pasos_ANDALUCIA-_WEB.pdf\">Tu-beca-en-nueve-pasos_ANDALUCIA-_WEB<\/a><a href=\"https:\/\/ieshuelin.com\/huelinwp\/wp-content\/uploads\/2023\/03\/Tu-beca-en-nueve-pasos_ANDALUCIA-_WEB.pdf\" class=\"wp-block-file__button wp-element-button\" download aria-describedby=\"wp-block-file--media-e12dc5aa-8216-4034-927a-ca5b5f3af711\">Descarga<\/a><\/div>\n\n\n","protected":false},"excerpt":{"rendered":"<p>La Consejer\u00eda de Desarrollo Educativo y Formaci\u00f3n Profesional convoca las becas para el pr\u00f3ximo curso 23-24. En el archivo adjunto est\u00e1 la informaci\u00f3n para poder solicitar la beca.<\/p>\n","protected":false},"author":71,"featured_media":0,"comment_status":"open","ping_status":"open","sticky":false,"template":"","format":"standard","meta":{"jetpack_post_was_ever_published":false,"_jetpack_newsletter_access":"","_jetpack_dont_email_post_to_subs":false,"_jetpack_newsletter_tier_id":0,"_jetpack_memberships_contains_paywalled_content":false,"_jetpack_memberships_contains_paid_content":false,"footnotes":"","jetpack_publicize_message":"","jetpack_publicize_feature_enabled":true,"jetpack_social_post_already_shared":true,"jetpack_social_options":{"image_generator_settings":{"template":"highway","default_image_id":0,"font":"","enabled":false},"version":2}},"categories":[11],"tags":[],"class_list":["post-12607","post","type-post","status-publish","format-standard","hentry","category-informacion-general","item-wrap"],"aioseo_notices":[],"jetpack_publicize_connections":[],"jetpack_featured_media_url":"","jetpack_sharing_enabled":true,"jetpack_shortlink":"https:\/\/wp.me\/p20cAk-3hl","jetpack-related-posts":[],"jetpack_likes_enabled":true,"_links":{"self":[{"href":"https:\/\/ieshuelin.com\/huelinwp\/wp-json\/wp\/v2\/posts\/12607","targetHints":{"allow":["GET"]}}],"collection":[{"href":"https:\/\/ieshuelin.com\/huelinwp\/wp-json\/wp\/v2\/posts"}],"about":[{"href":"https:\/\/ieshuelin.com\/huelinwp\/wp-json\/wp\/v2\/types\/post"}],"author":[{"embeddable":true,"href":"https:\/\/ieshuelin.com\/huelinwp\/wp-json\/wp\/v2\/users\/71"}],"replies":[{"embeddable":true,"href":"https:\/\/ieshuelin.com\/huelinwp\/wp-json\/wp\/v2\/comments?post=12607"}],"version-history":[{"count":1,"href":"https:\/\/ieshuelin.com\/huelinwp\/wp-json\/wp\/v2\/posts\/12607\/revisions"}],"predecessor-version":[{"id":12611,"href":"https:\/\/ieshuelin.com\/huelinwp\/wp-json\/wp\/v2\/posts\/12607\/revisions\/12611"}],"wp:attachment":[{"href":"https:\/\/ieshuelin.com\/huelinwp\/wp-json\/wp\/v2\/media?parent=12607"}],"wp:term":[{"taxonomy":"category","embeddable":true,"href":"https:\/\/ieshuelin.com\/huelinwp\/wp-json\/wp\/v2\/categories?post=12607"},{"taxonomy":"post_tag","embeddable":true,"href":"https:\/\/ieshuelin.com\/huelinwp\/wp-json\/wp\/v2\/tags?post=12607"}],"curies":[{"name":"wp","href":"https:\/\/api.w.org\/{rel}","templated":true}]}}