{"id":12259,"date":"2022-05-10T23:17:01","date_gmt":"2022-05-10T22:17:01","guid":{"rendered":"https:\/\/ieshuelin.com\/huelinwp\/?p=12259"},"modified":"2022-05-11T21:11:44","modified_gmt":"2022-05-11T20:11:44","slug":"ultimos-dias-para-solicitar-la-beca-mec","status":"publish","type":"post","link":"https:\/\/ieshuelin.com\/huelinwp\/2022\/05\/ultimos-dias-para-solicitar-la-beca-mec\/","title":{"rendered":"\u00daltimos d\u00edas para solicitar la Beca MEC"},"content":{"rendered":"\n<p class=\"has-text-align-justify\">Pr\u00f3xima <strong>finalizaci\u00f3n del plazo de solicitudes de la Beca de car\u00e1cter general<\/strong> del Ministerio de Educaci\u00f3n y Formaci\u00f3n Profesional <strong>para el curso 2022\/2023<\/strong>, para alumnado de 1\u00ba de bachillerato que en el pr\u00f3ximo a\u00f1o acad\u00e9mico vaya a cursar 2\u00ba de bachillerato, para alumnado de 2\u00ba de bachillerato que en el a\u00f1o acad\u00e9mico vaya a cursar Grados Universitarios o ciclos Formativos y para alumnado de 4\u00ba ESO que se incorporan en el curso acad\u00e9mico 22\/23 a bachillerato o ciclo formativo de Grado Medio.<\/p>\n\n\n\n<p><strong>PLAZO DE SOLICITUD: Ampliado hasta el Lunes 16 de Mayo de 2022 (Inclusive)<\/strong><\/p>\n\n\n\n<p><strong>FASES DE LA CONVOCATORIA<\/strong><\/p>\n\n\n\n<p class=\"has-text-align-justify\"><strong>Plazo \u00daNICO de solicitud<\/strong>: <strong>del 30 de marzo al 12 de mayo de 2022 (ampliado hasta el lunes 16 de mayo)<\/strong>, a trav\u00e9s de la <a href=\"https:\/\/www.juntadeandalucia.es\/educacion\/secretariavirtual\/accesoTramite\/658\/\" target=\"_blank\" rel=\"noreferrer noopener\">Secretar\u00eda virtual de los Centros Educativos de la Junta de Andaluc\u00eda<\/a> o de la <a href=\"https:\/\/www.educacionyfp.gob.es\/servicios-al-ciudadano\/catalogo\/general\/05\/050130\/ficha\/050130-2022.html\" target=\"_blank\" rel=\"noreferrer noopener\" title=\"sede electr\u00f3nica del Ministerio de Educaci\u00f3n y Formaci\u00f3n Profesional\">sede electr\u00f3nica del Ministerio de Educaci\u00f3n y Formaci\u00f3n Profesional<\/a>.<br>Debes solicitar tu beca dentro de este plazo, aunque no sepas todav\u00eda qu\u00e9 vas a estudiar, e incluso aunque no sepas con seguridad si vas a estudiar o no.<br>Pon los estudios que consideres m\u00e1s probables y en septiembre podr\u00e1s cambiarlos.<\/p>\n\n\n\n<ul class=\"wp-block-list\"><li><strong>Primera fase de gesti\u00f3n<\/strong>: (aproximadamente de mayo a agosto 2022) Consiste en la comprobaci\u00f3n del cumplimiento de los requisitos personales y familiares, as\u00ed como de renta y patrimonio.<\/li><li><strong>Segunda fase de gesti\u00f3n<\/strong>: (aproximadamente de septiembre a diciembre de 2022) Consiste en la comprobaci\u00f3n del cumplimiento de los requisitos acad\u00e9micos de matriculaci\u00f3n y de rendimiento acad\u00e9mico.<\/li><\/ul>\n","protected":false},"excerpt":{"rendered":"<p>Pr\u00f3xima finalizaci\u00f3n del plazo de solicitudes de la Beca de car\u00e1cter general del Ministerio de Educaci\u00f3n y Formaci\u00f3n Profesional para el curso 2022\/2023, para alumnado de 1\u00ba de bachillerato que en el pr\u00f3ximo a\u00f1o acad\u00e9mico vaya a cursar 2\u00ba de bachillerato, para alumnado de 2\u00ba de bachillerato que en el a\u00f1o acad\u00e9mico vaya a cursar &hellip; <\/p>\n<p><a class=\"more-link btn\" href=\"https:\/\/ieshuelin.com\/huelinwp\/2022\/05\/ultimos-dias-para-solicitar-la-beca-mec\/\">Seguir leyendo<\/a><\/p>\n","protected":false},"author":56,"featured_media":0,"comment_status":"open","ping_status":"open","sticky":false,"template":"","format":"standard","meta":{"jetpack_post_was_ever_published":false,"_jetpack_newsletter_access":"","_jetpack_dont_email_post_to_subs":false,"_jetpack_newsletter_tier_id":0,"_jetpack_memberships_contains_paywalled_content":false,"_jetpack_memberships_contains_paid_content":false,"footnotes":"","jetpack_publicize_message":"","jetpack_publicize_feature_enabled":true,"jetpack_social_post_already_shared":true,"jetpack_social_options":{"image_generator_settings":{"template":"highway","default_image_id":0,"font":"","enabled":false},"version":2}},"categories":[60,10,6,11],"tags":[],"class_list":["post-12259","post","type-post","status-publish","format-standard","hentry","category-alumnos-comunidad-escolar","category-noticias","category-padres","category-informacion-general","item-wrap"],"aioseo_notices":[],"jetpack_publicize_connections":[],"jetpack_featured_media_url":"","jetpack_sharing_enabled":true,"jetpack_shortlink":"https:\/\/wp.me\/p20cAk-3bJ","jetpack-related-posts":[],"jetpack_likes_enabled":true,"_links":{"self":[{"href":"https:\/\/ieshuelin.com\/huelinwp\/wp-json\/wp\/v2\/posts\/12259","targetHints":{"allow":["GET"]}}],"collection":[{"href":"https:\/\/ieshuelin.com\/huelinwp\/wp-json\/wp\/v2\/posts"}],"about":[{"href":"https:\/\/ieshuelin.com\/huelinwp\/wp-json\/wp\/v2\/types\/post"}],"author":[{"embeddable":true,"href":"https:\/\/ieshuelin.com\/huelinwp\/wp-json\/wp\/v2\/users\/56"}],"replies":[{"embeddable":true,"href":"https:\/\/ieshuelin.com\/huelinwp\/wp-json\/wp\/v2\/comments?post=12259"}],"version-history":[{"count":4,"href":"https:\/\/ieshuelin.com\/huelinwp\/wp-json\/wp\/v2\/posts\/12259\/revisions"}],"predecessor-version":[{"id":12266,"href":"https:\/\/ieshuelin.com\/huelinwp\/wp-json\/wp\/v2\/posts\/12259\/revisions\/12266"}],"wp:attachment":[{"href":"https:\/\/ieshuelin.com\/huelinwp\/wp-json\/wp\/v2\/media?parent=12259"}],"wp:term":[{"taxonomy":"category","embeddable":true,"href":"https:\/\/ieshuelin.com\/huelinwp\/wp-json\/wp\/v2\/categories?post=12259"},{"taxonomy":"post_tag","embeddable":true,"href":"https:\/\/ieshuelin.com\/huelinwp\/wp-json\/wp\/v2\/tags?post=12259"}],"curies":[{"name":"wp","href":"https:\/\/api.w.org\/{rel}","templated":true}]}}