{"id":11819,"date":"2021-10-08T10:29:30","date_gmt":"2021-10-08T09:29:30","guid":{"rendered":"http:\/\/ieshuelin.com\/huelinwp\/?p=11819"},"modified":"2022-04-07T13:03:45","modified_gmt":"2022-04-07T12:03:45","slug":"elecciones-para-la-renovacion-del-consejo-escolar","status":"publish","type":"post","link":"https:\/\/ieshuelin.com\/huelinwp\/2021\/10\/elecciones-para-la-renovacion-del-consejo-escolar\/","title":{"rendered":"ELECCIONES PARA LA RENOVACI\u00d3N DEL CONSEJO ESCOLAR"},"content":{"rendered":"\n<p>Para &nbsp;aquellos que lo desconozcan, el Consejo Escolar es un \u00f3rgano central en la vida de los centros de ense\u00f1anza puesto que incluye a todos los estamentos de la comunidad educativa: profesorado, personal de administraci\u00f3n y servicios, alumnos, padres y madres. El Consejo Escolar del IES HUELIN est\u00e1 formado por tres representantes del Equipo Directivo (Director, Jefa de Estudios y Secretaria), ocho profesores elegidos por el Claustro, la coordinadora del Plan de Igualdad (que puede ser uno de los ocho elegidos), un representante del Personal de Administraci\u00f3n y Servicios, cinco alumnos o alumnas, cinco padres o madres y un representante del ayuntamiento.<\/p>\n\n\n\n<p>Tradicionalmente las elecciones a Consejo Escolar tienen lugar en a\u00f1os pares, pero la situaci\u00f3n sanitaria del curso 2020\/2021 provoc\u00f3 su cancelaci\u00f3n. El 24 de septiembre la Delegaci\u00f3n Territorial emiti\u00f3 una Resoluci\u00f3n sobre la celebraci\u00f3n de unas elecciones extraordinarias durante el primer trimestre del curso 2021\/2022.<\/p>\n\n\n\n<p>\u200bEl proceso electoral empez\u00f3 el 1 de octubre con el sorteo de los miembros de la Junta Electoral, que tiene que velar por su desarrollo de acuerdo con los plazos establecidos y siguiendo la legislaci\u00f3n vigente. La Junta se reuni\u00f3 por primera vez el 6 de octubre. Est\u00e1 formada por el Director y la madre, el alumno, el profesor y el representante del personal de administraci\u00f3n y servicios que salieron en el sorteo mencionado.<\/p>\n\n\n\n<p>\u200bA continuaci\u00f3n se detallan las fechas a tener en cuenta. Desde la Direcci\u00f3n se anima a que participen como candidatos y como electores. El centro necesita un consejo escolar&nbsp;que cuente con todos sus miembros para que aporten sus ideas y sus opiniones. El censo electoral de padres y madres y alumnos ya est\u00e1 en la consejer\u00eda a disposici\u00f3n de todos para comprobar que estamos incluidos y as\u00ed poder ejercer nuestro derecho.<\/p>\n\n\n\n<p><strong>CALENDARIO<\/strong><\/p>\n\n\n\n<p>1. La Junta Electoral se constituir\u00e1 entre los d\u00edas 4 y 8 de octubre de 2021 (ambos inclusive). &nbsp;<\/p>\n\n\n\n<p>2. El plazo de admisi\u00f3n de candidaturas ser\u00e1 el comprendido desde los d\u00edas 15 de octubre hasta al 28 de octubre de 2021 (ambos inclusive).<\/p>\n\n\n\n<p>3. La Junta Electoral har\u00e1 p\u00fablica la lista provisional de personas candidatas el 29 de octubre y la lista definitivael 3 de noviembre de 2021.<\/p>\n\n\n\n<p>4. La campa\u00f1a electoral se llevar\u00e1 a cabo desde el 4 de noviembre hasta el 12 de noviembre de 2021 (ambos inclusive).<\/p>\n\n\n\n<p>5. Las papeletas de voto deber\u00e1n estar confeccionadas con anterioridad al d\u00eda 9 de noviembre de 2021.<\/p>\n\n\n\n<p>6. La celebraci\u00f3n de las elecciones tendr\u00e1 lugar durante los siguientes d\u00edas:<\/p>\n\n\n\n<p>a) 16 DE NOVIEMBRE: elecciones del sector del profesorado, del personal de administraci\u00f3n y servicios y, en su caso, del personal de atenci\u00f3n educativa complementaria<\/p>\n\n\n\n<p>b) 17 DE NOVIEMBRE: elecciones del sector de padres, madres y personas que ejerzan la tutela legal del alumnado.<\/p>\n\n\n\n<p>c) 18 DE NOVIEMBRE: elecciones del sector del alumnado.<\/p>\n\n\n\n<p>7. La proclamaci\u00f3n de representantes electos deber\u00e1 realizarse antes del 2 de diciembre de 2021.<\/p>\n\n\n\n<p>8. La constituci\u00f3n del nuevo Consejo Escolar y del nuevo Consejo de Centro deber\u00e1 realizarse antes del 17 de diciembre de 2021.<\/p>\n\n\n\n<p><\/p>\n\n\n\n<p>Desde la direcci\u00f3n del centro os animamos a participar.<\/p>\n","protected":false},"excerpt":{"rendered":"<p>Para &nbsp;aquellos que lo desconozcan, el Consejo Escolar es un \u00f3rgano central en la vida de los centros de ense\u00f1anza puesto que incluye a todos los estamentos de la comunidad educativa: profesorado, personal de administraci\u00f3n y servicios, alumnos, padres y madres. El Consejo Escolar del IES HUELIN est\u00e1 formado por tres representantes del Equipo Directivo &hellip; <\/p>\n<p><a class=\"more-link btn\" href=\"https:\/\/ieshuelin.com\/huelinwp\/2021\/10\/elecciones-para-la-renovacion-del-consejo-escolar\/\">Seguir leyendo<\/a><\/p>\n","protected":false},"author":65,"featured_media":0,"comment_status":"open","ping_status":"open","sticky":false,"template":"","format":"standard","meta":{"jetpack_post_was_ever_published":false,"_jetpack_newsletter_access":"","_jetpack_dont_email_post_to_subs":false,"_jetpack_newsletter_tier_id":0,"_jetpack_memberships_contains_paywalled_content":false,"_jetpack_memberships_contains_paid_content":false,"footnotes":"","jetpack_publicize_message":"","jetpack_publicize_feature_enabled":true,"jetpack_social_post_already_shared":true,"jetpack_social_options":{"image_generator_settings":{"template":"highway","default_image_id":0,"font":"","enabled":false},"version":2}},"categories":[28,596,11],"tags":[],"class_list":["post-11819","post","type-post","status-publish","format-standard","hentry","category-comunidad-escolar","category-consejo-escolar","category-informacion-general","item-wrap"],"aioseo_notices":[],"jetpack_publicize_connections":[],"jetpack_featured_media_url":"","jetpack_sharing_enabled":true,"jetpack_shortlink":"https:\/\/wp.me\/p20cAk-34D","jetpack-related-posts":[],"jetpack_likes_enabled":true,"_links":{"self":[{"href":"https:\/\/ieshuelin.com\/huelinwp\/wp-json\/wp\/v2\/posts\/11819","targetHints":{"allow":["GET"]}}],"collection":[{"href":"https:\/\/ieshuelin.com\/huelinwp\/wp-json\/wp\/v2\/posts"}],"about":[{"href":"https:\/\/ieshuelin.com\/huelinwp\/wp-json\/wp\/v2\/types\/post"}],"author":[{"embeddable":true,"href":"https:\/\/ieshuelin.com\/huelinwp\/wp-json\/wp\/v2\/users\/65"}],"replies":[{"embeddable":true,"href":"https:\/\/ieshuelin.com\/huelinwp\/wp-json\/wp\/v2\/comments?post=11819"}],"version-history":[{"count":2,"href":"https:\/\/ieshuelin.com\/huelinwp\/wp-json\/wp\/v2\/posts\/11819\/revisions"}],"predecessor-version":[{"id":12208,"href":"https:\/\/ieshuelin.com\/huelinwp\/wp-json\/wp\/v2\/posts\/11819\/revisions\/12208"}],"wp:attachment":[{"href":"https:\/\/ieshuelin.com\/huelinwp\/wp-json\/wp\/v2\/media?parent=11819"}],"wp:term":[{"taxonomy":"category","embeddable":true,"href":"https:\/\/ieshuelin.com\/huelinwp\/wp-json\/wp\/v2\/categories?post=11819"},{"taxonomy":"post_tag","embeddable":true,"href":"https:\/\/ieshuelin.com\/huelinwp\/wp-json\/wp\/v2\/tags?post=11819"}],"curies":[{"name":"wp","href":"https:\/\/api.w.org\/{rel}","templated":true}]}}