{"id":11634,"date":"2021-06-14T15:40:19","date_gmt":"2021-06-14T14:40:19","guid":{"rendered":"http:\/\/ieshuelin.com\/huelinwp\/?p=11634"},"modified":"2021-06-14T15:40:23","modified_gmt":"2021-06-14T14:40:23","slug":"cuestionarios-fondo-social-europeo-fse","status":"publish","type":"post","link":"https:\/\/ieshuelin.com\/huelinwp\/2021\/06\/cuestionarios-fondo-social-europeo-fse\/","title":{"rendered":"Cuestionarios Fondo Social Europeo (FSE)"},"content":{"rendered":"\n<p>Le informamos que durante estos d\u00edas parte de nuestro alumnado recibir\u00e1 unos \u00abcuestionarios de Ejecuci\u00f3n de Fondo Social Europeo (FSE)\u00bb. Estos cuestionarios va dirigido a personas que han participado en actividades cofinanciadas por el Fondo Social Europeo. Es muy importante que se cumplimenten dichos cuestionarios. El alumnado de 16 a\u00f1os o m\u00e1s lo recibir\u00e1 en su email, los menores de 16 a\u00f1os lo recibir\u00e1n a trav\u00e9s de PASEN de sus tutores\/as legales. <br><br>Muchas gracias por su colaboraci\u00f3n.<\/p>\n\n\n\n<div class=\"wp-block-jetpack-tiled-gallery aligncenter is-style-rectangular\"><div class=\"tiled-gallery__gallery\"><div class=\"tiled-gallery__row\"><div class=\"tiled-gallery__col\" style=\"flex-basis:33.234215386458146%\"><figure class=\"tiled-gallery__item\"><img decoding=\"async\" data-attachment-id=\"11641\" data-permalink=\"https:\/\/ieshuelin.com\/huelinwp\/2021\/06\/cuestionarios-fondo-social-europeo-fse\/fse_cuatricolor-vertical\/\" data-orig-file=\"https:\/\/i0.wp.com\/ieshuelin.com\/huelinwp\/wp-content\/uploads\/2021\/06\/fse_cuatricolor.vertical.jpg?fit=1772%2C1772&amp;ssl=1\" data-orig-size=\"1772,1772\" data-comments-opened=\"1\" data-image-meta=\"{&quot;aperture&quot;:&quot;0&quot;,&quot;credit&quot;:&quot;&quot;,&quot;camera&quot;:&quot;&quot;,&quot;caption&quot;:&quot;&quot;,&quot;created_timestamp&quot;:&quot;0&quot;,&quot;copyright&quot;:&quot;&quot;,&quot;focal_length&quot;:&quot;0&quot;,&quot;iso&quot;:&quot;0&quot;,&quot;shutter_speed&quot;:&quot;0&quot;,&quot;title&quot;:&quot;&quot;,&quot;orientation&quot;:&quot;1&quot;}\" data-image-title=\"fse_cuatricolor.vertical\" data-image-description=\"\" data-image-caption=\"\" data-medium-file=\"https:\/\/i0.wp.com\/ieshuelin.com\/huelinwp\/wp-content\/uploads\/2021\/06\/fse_cuatricolor.vertical.jpg?fit=300%2C300&amp;ssl=1\" data-large-file=\"https:\/\/i0.wp.com\/ieshuelin.com\/huelinwp\/wp-content\/uploads\/2021\/06\/fse_cuatricolor.vertical.jpg?fit=600%2C600&amp;ssl=1\" data-attachment-id=\"11641\" data-permalink=\"https:\/\/ieshuelin.com\/huelinwp\/2021\/06\/cuestionarios-fondo-social-europeo-fse\/fse_cuatricolor-vertical\/\" data-orig-file=\"https:\/\/i0.wp.com\/ieshuelin.com\/huelinwp\/wp-content\/uploads\/2021\/06\/fse_cuatricolor.vertical.jpg?fit=1772%2C1772&amp;ssl=1\" data-orig-size=\"1772,1772\" data-comments-opened=\"1\" data-image-meta=\"{&quot;aperture&quot;:&quot;0&quot;,&quot;credit&quot;:&quot;&quot;,&quot;camera&quot;:&quot;&quot;,&quot;caption&quot;:&quot;&quot;,&quot;created_timestamp&quot;:&quot;0&quot;,&quot;copyright&quot;:&quot;&quot;,&quot;focal_length&quot;:&quot;0&quot;,&quot;iso&quot;:&quot;0&quot;,&quot;shutter_speed&quot;:&quot;0&quot;,&quot;title&quot;:&quot;&quot;,&quot;orientation&quot;:&quot;1&quot;}\" data-image-title=\"fse_cuatricolor.vertical\" data-image-description=\"\" data-image-caption=\"\" data-medium-file=\"https:\/\/i0.wp.com\/ieshuelin.com\/huelinwp\/wp-content\/uploads\/2021\/06\/fse_cuatricolor.vertical.jpg?fit=300%2C300&amp;ssl=1\" data-large-file=\"https:\/\/i0.wp.com\/ieshuelin.com\/huelinwp\/wp-content\/uploads\/2021\/06\/fse_cuatricolor.vertical.jpg?fit=600%2C600&amp;ssl=1\" role=\"button\" tabindex=\"0\" aria-label=\"Abrir la imagen 1 de 2 en pantalla completa\"srcset=\"https:\/\/i0.wp.com\/ieshuelin.com\/huelinwp\/wp-content\/uploads\/2021\/06\/fse_cuatricolor.vertical.jpg?strip=info&#038;w=600&#038;ssl=1 600w,https:\/\/i0.wp.com\/ieshuelin.com\/huelinwp\/wp-content\/uploads\/2021\/06\/fse_cuatricolor.vertical.jpg?strip=info&#038;w=900&#038;ssl=1 900w,https:\/\/i0.wp.com\/ieshuelin.com\/huelinwp\/wp-content\/uploads\/2021\/06\/fse_cuatricolor.vertical.jpg?strip=info&#038;w=1200&#038;ssl=1 1200w,https:\/\/i0.wp.com\/ieshuelin.com\/huelinwp\/wp-content\/uploads\/2021\/06\/fse_cuatricolor.vertical.jpg?strip=info&#038;w=1500&#038;ssl=1 1500w,https:\/\/i0.wp.com\/ieshuelin.com\/huelinwp\/wp-content\/uploads\/2021\/06\/fse_cuatricolor.vertical.jpg?strip=info&#038;w=1772&#038;ssl=1 1772w\" alt=\"\" data-height=\"1772\" data-id=\"11641\" data-link=\"https:\/\/ieshuelin.com\/huelinwp\/?attachment_id=11641\" data-url=\"https:\/\/ieshuelin.com\/huelinwp\/wp-content\/uploads\/2021\/06\/fse_cuatricolor.vertical.jpg\" data-width=\"1772\" src=\"https:\/\/i0.wp.com\/ieshuelin.com\/huelinwp\/wp-content\/uploads\/2021\/06\/fse_cuatricolor.vertical.jpg?ssl=1\" layout=\"responsive\"\/><\/figure><\/div><div class=\"tiled-gallery__col\" style=\"flex-basis:66.76578461354184%\"><figure class=\"tiled-gallery__item\"><img decoding=\"async\" data-attachment-id=\"11642\" data-permalink=\"https:\/\/ieshuelin.com\/huelinwp\/2021\/06\/cuestionarios-fondo-social-europeo-fse\/andalucia-se-mueve-europa\/\" data-orig-file=\"https:\/\/i0.wp.com\/ieshuelin.com\/huelinwp\/wp-content\/uploads\/2021\/06\/andalucia-se-mueve-europa.jpeg?fit=2099%2C1041&amp;ssl=1\" data-orig-size=\"2099,1041\" data-comments-opened=\"1\" data-image-meta=\"{&quot;aperture&quot;:&quot;0&quot;,&quot;credit&quot;:&quot;&quot;,&quot;camera&quot;:&quot;&quot;,&quot;caption&quot;:&quot;&quot;,&quot;created_timestamp&quot;:&quot;0&quot;,&quot;copyright&quot;:&quot;&quot;,&quot;focal_length&quot;:&quot;0&quot;,&quot;iso&quot;:&quot;0&quot;,&quot;shutter_speed&quot;:&quot;0&quot;,&quot;title&quot;:&quot;&quot;,&quot;orientation&quot;:&quot;0&quot;}\" data-image-title=\"andalucia-se-mueve-europa\" data-image-description=\"\" data-image-caption=\"\" data-medium-file=\"https:\/\/i0.wp.com\/ieshuelin.com\/huelinwp\/wp-content\/uploads\/2021\/06\/andalucia-se-mueve-europa.jpeg?fit=300%2C149&amp;ssl=1\" data-large-file=\"https:\/\/i0.wp.com\/ieshuelin.com\/huelinwp\/wp-content\/uploads\/2021\/06\/andalucia-se-mueve-europa.jpeg?fit=600%2C298&amp;ssl=1\" data-attachment-id=\"11642\" data-permalink=\"https:\/\/ieshuelin.com\/huelinwp\/2021\/06\/cuestionarios-fondo-social-europeo-fse\/andalucia-se-mueve-europa\/\" data-orig-file=\"https:\/\/i0.wp.com\/ieshuelin.com\/huelinwp\/wp-content\/uploads\/2021\/06\/andalucia-se-mueve-europa.jpeg?fit=2099%2C1041&amp;ssl=1\" data-orig-size=\"2099,1041\" data-comments-opened=\"1\" data-image-meta=\"{&quot;aperture&quot;:&quot;0&quot;,&quot;credit&quot;:&quot;&quot;,&quot;camera&quot;:&quot;&quot;,&quot;caption&quot;:&quot;&quot;,&quot;created_timestamp&quot;:&quot;0&quot;,&quot;copyright&quot;:&quot;&quot;,&quot;focal_length&quot;:&quot;0&quot;,&quot;iso&quot;:&quot;0&quot;,&quot;shutter_speed&quot;:&quot;0&quot;,&quot;title&quot;:&quot;&quot;,&quot;orientation&quot;:&quot;0&quot;}\" data-image-title=\"andalucia-se-mueve-europa\" data-image-description=\"\" data-image-caption=\"\" data-medium-file=\"https:\/\/i0.wp.com\/ieshuelin.com\/huelinwp\/wp-content\/uploads\/2021\/06\/andalucia-se-mueve-europa.jpeg?fit=300%2C149&amp;ssl=1\" data-large-file=\"https:\/\/i0.wp.com\/ieshuelin.com\/huelinwp\/wp-content\/uploads\/2021\/06\/andalucia-se-mueve-europa.jpeg?fit=600%2C298&amp;ssl=1\" role=\"button\" tabindex=\"0\" aria-label=\"Abrir la imagen 2 de 2 en pantalla completa\"srcset=\"https:\/\/i1.wp.com\/ieshuelin.com\/huelinwp\/wp-content\/uploads\/2021\/06\/andalucia-se-mueve-europa.jpeg?strip=info&#038;w=600&#038;ssl=1 600w,https:\/\/i1.wp.com\/ieshuelin.com\/huelinwp\/wp-content\/uploads\/2021\/06\/andalucia-se-mueve-europa.jpeg?strip=info&#038;w=900&#038;ssl=1 900w,https:\/\/i1.wp.com\/ieshuelin.com\/huelinwp\/wp-content\/uploads\/2021\/06\/andalucia-se-mueve-europa.jpeg?strip=info&#038;w=1200&#038;ssl=1 1200w,https:\/\/i1.wp.com\/ieshuelin.com\/huelinwp\/wp-content\/uploads\/2021\/06\/andalucia-se-mueve-europa.jpeg?strip=info&#038;w=1500&#038;ssl=1 1500w,https:\/\/i1.wp.com\/ieshuelin.com\/huelinwp\/wp-content\/uploads\/2021\/06\/andalucia-se-mueve-europa.jpeg?strip=info&#038;w=1800&#038;ssl=1 1800w,https:\/\/i1.wp.com\/ieshuelin.com\/huelinwp\/wp-content\/uploads\/2021\/06\/andalucia-se-mueve-europa.jpeg?strip=info&#038;w=2000&#038;ssl=1 2000w\" alt=\"\" data-height=\"1041\" data-id=\"11642\" data-link=\"https:\/\/ieshuelin.com\/huelinwp\/?attachment_id=11642\" data-url=\"https:\/\/ieshuelin.com\/huelinwp\/wp-content\/uploads\/2021\/06\/andalucia-se-mueve-europa.jpeg\" data-width=\"2099\" src=\"https:\/\/i1.wp.com\/ieshuelin.com\/huelinwp\/wp-content\/uploads\/2021\/06\/andalucia-se-mueve-europa.jpeg?ssl=1\" layout=\"responsive\"\/><\/figure><\/div><\/div><\/div><\/div>\n","protected":false},"excerpt":{"rendered":"<p>Le informamos que durante estos d\u00edas parte de nuestro alumnado recibir\u00e1 unos \u00abcuestionarios de Ejecuci\u00f3n de Fondo Social Europeo (FSE)\u00bb. Estos cuestionarios va dirigido a personas que han participado en actividades cofinanciadas por el Fondo Social Europeo. Es muy importante que se cumplimenten dichos cuestionarios. El alumnado de 16 a\u00f1os o m\u00e1s lo recibir\u00e1 en &hellip; <\/p>\n<p><a class=\"more-link btn\" href=\"https:\/\/ieshuelin.com\/huelinwp\/2021\/06\/cuestionarios-fondo-social-europeo-fse\/\">Seguir leyendo<\/a><\/p>\n","protected":false},"author":65,"featured_media":0,"comment_status":"open","ping_status":"open","sticky":false,"template":"","format":"standard","meta":{"jetpack_post_was_ever_published":false,"_jetpack_newsletter_access":"","_jetpack_dont_email_post_to_subs":false,"_jetpack_newsletter_tier_id":0,"_jetpack_memberships_contains_paywalled_content":false,"_jetpack_memberships_contains_paid_content":false,"footnotes":"","jetpack_publicize_message":"","jetpack_publicize_feature_enabled":true,"jetpack_social_post_already_shared":true,"jetpack_social_options":{"image_generator_settings":{"template":"highway","default_image_id":0,"font":"","enabled":false},"version":2}},"categories":[11],"tags":[],"class_list":["post-11634","post","type-post","status-publish","format-standard","hentry","category-informacion-general","item-wrap"],"aioseo_notices":[],"jetpack_publicize_connections":[],"jetpack_featured_media_url":"","jetpack_sharing_enabled":true,"jetpack_shortlink":"https:\/\/wp.me\/p20cAk-31E","jetpack-related-posts":[],"jetpack_likes_enabled":true,"_links":{"self":[{"href":"https:\/\/ieshuelin.com\/huelinwp\/wp-json\/wp\/v2\/posts\/11634","targetHints":{"allow":["GET"]}}],"collection":[{"href":"https:\/\/ieshuelin.com\/huelinwp\/wp-json\/wp\/v2\/posts"}],"about":[{"href":"https:\/\/ieshuelin.com\/huelinwp\/wp-json\/wp\/v2\/types\/post"}],"author":[{"embeddable":true,"href":"https:\/\/ieshuelin.com\/huelinwp\/wp-json\/wp\/v2\/users\/65"}],"replies":[{"embeddable":true,"href":"https:\/\/ieshuelin.com\/huelinwp\/wp-json\/wp\/v2\/comments?post=11634"}],"version-history":[{"count":3,"href":"https:\/\/ieshuelin.com\/huelinwp\/wp-json\/wp\/v2\/posts\/11634\/revisions"}],"predecessor-version":[{"id":11644,"href":"https:\/\/ieshuelin.com\/huelinwp\/wp-json\/wp\/v2\/posts\/11634\/revisions\/11644"}],"wp:attachment":[{"href":"https:\/\/ieshuelin.com\/huelinwp\/wp-json\/wp\/v2\/media?parent=11634"}],"wp:term":[{"taxonomy":"category","embeddable":true,"href":"https:\/\/ieshuelin.com\/huelinwp\/wp-json\/wp\/v2\/categories?post=11634"},{"taxonomy":"post_tag","embeddable":true,"href":"https:\/\/ieshuelin.com\/huelinwp\/wp-json\/wp\/v2\/tags?post=11634"}],"curies":[{"name":"wp","href":"https:\/\/api.w.org\/{rel}","templated":true}]}}