{"id":10065,"date":"2020-03-24T18:50:58","date_gmt":"2020-03-24T17:50:58","guid":{"rendered":"http:\/\/ieshuelin.com\/huelinwp\/?p=10065"},"modified":"2020-03-24T18:50:58","modified_gmt":"2020-03-24T17:50:58","slug":"nota-informativa-sobre-la-2a-evaluacion","status":"publish","type":"post","link":"https:\/\/ieshuelin.com\/huelinwp\/2020\/03\/nota-informativa-sobre-la-2a-evaluacion\/","title":{"rendered":"Nota informativa sobre la 2\u00aa evaluaci\u00f3n"},"content":{"rendered":"<p style=\"text-align: justify;\">\u00a0 \u00a0 \u00a0 \u00a0 \u00a0 \u00a0 \u00a0 \u00a0 \u00a0La Consejer\u00eda de Educaci\u00f3n ha dado autonom\u00eda a los centros educativos para que organicen a su criterio la realizaci\u00f3n de la 2\u00aa evaluaci\u00f3n. El IES Huelin ha decidido mantener la fecha de comunicaci\u00f3n de calificaciones prevista, y tendr\u00e1 lugar el pr\u00f3ximo d\u00eda 3 de abril, a trav\u00e9s de Pasen, como ya se ven\u00eda haciendo.<\/p>\n<p style=\"text-align: justify;\">\u00a0 \u00a0 \u00a0 \u00a0 \u00a0 \u00a0 \u00a0 Queremos recordar que esta comunicaci\u00f3n de calificaciones es puramente informativa, y que la evaluaci\u00f3n que tiene car\u00e1cter oficial es la que tendr\u00e1 lugar a final de curso, en la que se valoran todos los aprendizajes y actividades realizadas, as\u00ed como las circunstancias que cada alumno\/a en particular haya podido sufrir.<\/p>\n<p style=\"text-align: justify;\">\u00a0 \u00a0 \u00a0 \u00a0 \u00a0 \u00a0 \u00a0 \u00a0 \u00a0 \u00a0 Entendemos que las circunstancias extraordinarias que vivimos est\u00e1n dificultando en muchos casos el trabajo de estudiantes y del profesorado, pero por otro lado creemos que es positivo para el desarrollo de la evaluaci\u00f3n continua comunicar en este momento un dato concreto como es una nota trimestral a las familias.<\/p>\n","protected":false},"excerpt":{"rendered":"<p>\u00a0 \u00a0 \u00a0 \u00a0 \u00a0 \u00a0 \u00a0 \u00a0 \u00a0La Consejer\u00eda de Educaci\u00f3n ha dado autonom\u00eda a los centros educativos para que organicen a su criterio la realizaci\u00f3n de la 2\u00aa evaluaci\u00f3n. El IES Huelin ha decidido mantener la fecha de comunicaci\u00f3n de calificaciones prevista, y tendr\u00e1 lugar el pr\u00f3ximo d\u00eda 3 de abril, a trav\u00e9s &hellip; <\/p>\n<p><a class=\"more-link btn\" href=\"https:\/\/ieshuelin.com\/huelinwp\/2020\/03\/nota-informativa-sobre-la-2a-evaluacion\/\">Seguir leyendo<\/a><\/p>\n","protected":false},"author":65,"featured_media":0,"comment_status":"open","ping_status":"open","sticky":false,"template":"","format":"standard","meta":{"jetpack_post_was_ever_published":false,"_jetpack_newsletter_access":"","_jetpack_dont_email_post_to_subs":false,"_jetpack_newsletter_tier_id":0,"_jetpack_memberships_contains_paywalled_content":false,"_jetpack_memberships_contains_paid_content":false,"footnotes":"","jetpack_publicize_message":"","jetpack_publicize_feature_enabled":true,"jetpack_social_post_already_shared":true,"jetpack_social_options":{"image_generator_settings":{"template":"highway","default_image_id":0,"font":"","enabled":false},"version":2}},"categories":[11],"tags":[],"class_list":["post-10065","post","type-post","status-publish","format-standard","hentry","category-informacion-general","item-wrap"],"aioseo_notices":[],"jetpack_publicize_connections":[],"jetpack_featured_media_url":"","jetpack_sharing_enabled":true,"jetpack_shortlink":"https:\/\/wp.me\/p20cAk-2Cl","jetpack-related-posts":[],"jetpack_likes_enabled":true,"_links":{"self":[{"href":"https:\/\/ieshuelin.com\/huelinwp\/wp-json\/wp\/v2\/posts\/10065","targetHints":{"allow":["GET"]}}],"collection":[{"href":"https:\/\/ieshuelin.com\/huelinwp\/wp-json\/wp\/v2\/posts"}],"about":[{"href":"https:\/\/ieshuelin.com\/huelinwp\/wp-json\/wp\/v2\/types\/post"}],"author":[{"embeddable":true,"href":"https:\/\/ieshuelin.com\/huelinwp\/wp-json\/wp\/v2\/users\/65"}],"replies":[{"embeddable":true,"href":"https:\/\/ieshuelin.com\/huelinwp\/wp-json\/wp\/v2\/comments?post=10065"}],"version-history":[{"count":3,"href":"https:\/\/ieshuelin.com\/huelinwp\/wp-json\/wp\/v2\/posts\/10065\/revisions"}],"predecessor-version":[{"id":10069,"href":"https:\/\/ieshuelin.com\/huelinwp\/wp-json\/wp\/v2\/posts\/10065\/revisions\/10069"}],"wp:attachment":[{"href":"https:\/\/ieshuelin.com\/huelinwp\/wp-json\/wp\/v2\/media?parent=10065"}],"wp:term":[{"taxonomy":"category","embeddable":true,"href":"https:\/\/ieshuelin.com\/huelinwp\/wp-json\/wp\/v2\/categories?post=10065"},{"taxonomy":"post_tag","embeddable":true,"href":"https:\/\/ieshuelin.com\/huelinwp\/wp-json\/wp\/v2\/tags?post=10065"}],"curies":[{"name":"wp","href":"https:\/\/api.w.org\/{rel}","templated":true}]}}